{"id":270612,"date":"2023-01-09T16:06:03","date_gmt":"2023-01-09T14:06:03","guid":{"rendered":"http:\/\/107.6.182.27\/es\/?p=270612"},"modified":"2023-01-10T15:47:49","modified_gmt":"2023-01-10T13:47:49","slug":"papa-francisco-exhorta-a-respetar-status-quo-en-jerusalen","status":"publish","type":"post","link":"https:\/\/archive.sana.sy\/es\/?p=270612","title":{"rendered":"Papa Francisco exhorta a respetar status quo en Jerusal\u00e9n"},"content":{"rendered":"<p style=\"text-align: justify;\"><span style=\"color: #800000;\"><strong>El Vaticano, 9\u00a0 ene (SANA)<\/strong> <\/span>El Papa Francisco exhort\u00f3 este lunes a respetar el statu quo hist\u00f3rico y legal en Jerusal\u00e9n.<\/p>\n<p style=\"text-align: justify;\">La agencia de noticias palestina Wafa se\u00f1al\u00f3 que el Papa Francisco, durante su encuentro anual con el cuerpo diplom\u00e1tico acreditado ante el Vaticano con motivo de la Navidad y el A\u00f1o Nuevo, expres\u00f3 su plena confianza en la necesidad de que &#8220;Jerusal\u00e9n se convierta en un lugar y un s\u00edmbolo de encuentro , fraternidad y paz en los Santos Lugares, sobre la base de la continuidad y garant\u00eda de preservaci\u00f3n del statu quo hist\u00f3rico y legal existente\u201d.<\/p>\n<p style=\"text-align: justify;\">El pasado lunes, el Ministerio de Dotaciones palestino hizo un llamado a la comunidad internacional para que tome medidas urgentes para proteger los lugares sagrados isl\u00e1micos y cristianos, y detener los ataques de la ocupaci\u00f3n y los colonos israel\u00edes.<\/p>\n<p>mm<\/p>\n<p>&nbsp;<\/p>\n","protected":false},"excerpt":{"rendered":"<p>El Vaticano, 9\u00a0 ene (SANA) El Papa Francisco exhort\u00f3 este lunes a respetar el statu quo hist\u00f3rico y legal en Jerusal\u00e9n. La agencia de noticias palestina Wafa se\u00f1al\u00f3 que el Papa Francisco, durante su encuentro anual con el cuerpo diplom\u00e1tico acreditado ante el Vaticano con motivo de la Navidad y el A\u00f1o Nuevo, expres\u00f3 su &hellip;<\/p>\n","protected":false},"author":36,"featured_media":270613,"comment_status":"closed","ping_status":"closed","sticky":false,"template":"","format":"standard","meta":{"footnotes":""},"categories":[597,456,20724,457],"tags":[],"class_list":["post-270612","post","type-post","status-publish","format-standard","has-post-thumbnail","","category-cinta-de-noticias","category-arabe-internacional-politica","category-minuto-a-minuto","category-noticias-arabe-internacional-politica"],"_links":{"self":[{"href":"https:\/\/archive.sana.sy\/es\/index.php?rest_route=\/wp\/v2\/posts\/270612"}],"collection":[{"href":"https:\/\/archive.sana.sy\/es\/index.php?rest_route=\/wp\/v2\/posts"}],"about":[{"href":"https:\/\/archive.sana.sy\/es\/index.php?rest_route=\/wp\/v2\/types\/post"}],"author":[{"embeddable":true,"href":"https:\/\/archive.sana.sy\/es\/index.php?rest_route=\/wp\/v2\/users\/36"}],"replies":[{"embeddable":true,"href":"https:\/\/archive.sana.sy\/es\/index.php?rest_route=%2Fwp%2Fv2%2Fcomments&post=270612"}],"version-history":[{"count":0,"href":"https:\/\/archive.sana.sy\/es\/index.php?rest_route=\/wp\/v2\/posts\/270612\/revisions"}],"wp:featuredmedia":[{"embeddable":true,"href":"https:\/\/archive.sana.sy\/es\/index.php?rest_route=\/wp\/v2\/media\/270613"}],"wp:attachment":[{"href":"https:\/\/archive.sana.sy\/es\/index.php?rest_route=%2Fwp%2Fv2%2Fmedia&parent=270612"}],"wp:term":[{"taxonomy":"category","embeddable":true,"href":"https:\/\/archive.sana.sy\/es\/index.php?rest_route=%2Fwp%2Fv2%2Fcategories&post=270612"},{"taxonomy":"post_tag","embeddable":true,"href":"https:\/\/archive.sana.sy\/es\/index.php?rest_route=%2Fwp%2Fv2%2Ftags&post=270612"}],"curies":[{"name":"wp","href":"https:\/\/api.w.org\/{rel}","templated":true}]}}