{"id":270619,"date":"2023-01-09T16:46:28","date_gmt":"2023-01-09T14:46:28","guid":{"rendered":"http:\/\/107.6.182.27\/es\/?p=270619"},"modified":"2023-01-09T16:46:28","modified_gmt":"2023-01-09T14:46:28","slug":"grupo-de-paz-arabe-reitera-necesidad-de-poner-fin-al-injusto-asedio-impuesto-a-siria","status":"publish","type":"post","link":"https:\/\/archive.sana.sy\/es\/?p=270619","title":{"rendered":"Grupo de Paz \u00c1rabe reitera necesidad de poner fin al injusto asedio impuesto a Siria"},"content":{"rendered":"<p style=\"text-align: justify;\"><span style=\"color: #800000;\"><strong>Beirut, 09 ene (SANA)<\/strong> <\/span>El Grupo de Paz \u00c1rabe renov\u00f3 su llamado para poner fin al injusto bloqueo occidental impuesto al pueblo sirio durante a\u00f1os.<\/p>\n<p style=\"text-align: justify;\">Este llamamiento se produce en el marco de la campa\u00f1a popular \u00e1rabe e internacional lanzada para exigir el levantamiento del asedio impuesto a Siria.<\/p>\n<p style=\"text-align: justify;\">\u201cUnimos nuestra voz a todas las fuerzas oficiales y populares que exigen poner fin del injusto bloqueo impuesto al pueblo sirio, que causa un gran sufrimiento a este pueblo\u201d, resalt\u00f3 el Grupo de Paz \u00c1rabe en un comunicado.<\/p>\n<p style=\"text-align: justify;\">Asimismo, el grupo enfatiz\u00f3 en su comunicado la necesidad de una comunicaci\u00f3n \u00e1rabe con Siria sobre la base de recuperar su espacio \u00e1rabe y ayudarla a reconstruir lo destruido por la guerra terrorista lanzada en su contra.<\/p>\n<p>ah\/ mm<\/p>\n","protected":false},"excerpt":{"rendered":"<p>Beirut, 09 ene (SANA) El Grupo de Paz \u00c1rabe renov\u00f3 su llamado para poner fin al injusto bloqueo occidental impuesto al pueblo sirio durante a\u00f1os. Este llamamiento se produce en el marco de la campa\u00f1a popular \u00e1rabe e internacional lanzada para exigir el levantamiento del asedio impuesto a Siria. \u201cUnimos nuestra voz a todas las &hellip;<\/p>\n","protected":false},"author":36,"featured_media":270620,"comment_status":"closed","ping_status":"closed","sticky":false,"template":"","format":"standard","meta":{"footnotes":""},"categories":[597,20724,467,7541],"tags":[],"class_list":["post-270619","post","type-post","status-publish","format-standard","has-post-thumbnail","","category-cinta-de-noticias","category-minuto-a-minuto","category-siria-y-el-mundo","category-ultimas-noticias"],"_links":{"self":[{"href":"https:\/\/archive.sana.sy\/es\/index.php?rest_route=\/wp\/v2\/posts\/270619"}],"collection":[{"href":"https:\/\/archive.sana.sy\/es\/index.php?rest_route=\/wp\/v2\/posts"}],"about":[{"href":"https:\/\/archive.sana.sy\/es\/index.php?rest_route=\/wp\/v2\/types\/post"}],"author":[{"embeddable":true,"href":"https:\/\/archive.sana.sy\/es\/index.php?rest_route=\/wp\/v2\/users\/36"}],"replies":[{"embeddable":true,"href":"https:\/\/archive.sana.sy\/es\/index.php?rest_route=%2Fwp%2Fv2%2Fcomments&post=270619"}],"version-history":[{"count":0,"href":"https:\/\/archive.sana.sy\/es\/index.php?rest_route=\/wp\/v2\/posts\/270619\/revisions"}],"wp:featuredmedia":[{"embeddable":true,"href":"https:\/\/archive.sana.sy\/es\/index.php?rest_route=\/wp\/v2\/media\/270620"}],"wp:attachment":[{"href":"https:\/\/archive.sana.sy\/es\/index.php?rest_route=%2Fwp%2Fv2%2Fmedia&parent=270619"}],"wp:term":[{"taxonomy":"category","embeddable":true,"href":"https:\/\/archive.sana.sy\/es\/index.php?rest_route=%2Fwp%2Fv2%2Fcategories&post=270619"},{"taxonomy":"post_tag","embeddable":true,"href":"https:\/\/archive.sana.sy\/es\/index.php?rest_route=%2Fwp%2Fv2%2Ftags&post=270619"}],"curies":[{"name":"wp","href":"https:\/\/api.w.org\/{rel}","templated":true}]}}