{"id":270669,"date":"2023-01-10T05:18:35","date_gmt":"2023-01-10T03:18:35","guid":{"rendered":"http:\/\/107.6.182.27\/es\/?p=270669"},"modified":"2023-01-10T15:47:48","modified_gmt":"2023-01-10T13:47:48","slug":"14-muertos-en-un-nsolo-dia-en-las-protestas-que-exigen-la-renuncia-de-boluarte-en-peru","status":"publish","type":"post","link":"https:\/\/archive.sana.sy\/es\/?p=270669","title":{"rendered":"14 muertos en un nsolo d\u00eda en las protestas que exigen la renuncia de Boluarte en Per\u00fa"},"content":{"rendered":"<p style=\"text-align: justify;\"><span style=\"color: #800000;\"><strong>Lima, 10 ene (SANA)<\/strong> <\/span>Al menos 14 personas murieron durante las protestas que exigen la renuncia de Dina Boluarte a la Presidencia y la liberaci\u00f3n de Pedro Castillo, vacado del cargo el pasado 7 de diciembre.<\/p>\n<p style=\"text-align: justify;\">La Defensor\u00eda del Pueblo de Per\u00fa confirm\u00f3 los 14 fallecidos, en medio de enfrentamientos entre manifestantes y las fuerzas de seguridad en las inmediaciones del aeropuerto de Juliaca, en el departamento de Puno, al sureste del pa\u00eds.<\/p>\n<p style=\"text-align: justify;\">Seg\u00fan medios locales citados por RT, una de las v\u00edctimas fue identificada como Gabriel Omar L\u00f3pez de 35 a\u00f1os, quien habr\u00eda fallecido tras el impacto de un perdig\u00f3n en la cabeza durante un enfrentamiento entre manifestantes y la polic\u00eda en Juliaca.<\/p>\n<p style=\"text-align: justify;\">fm<\/p>\n<p style=\"text-align: justify;\">\n","protected":false},"excerpt":{"rendered":"<p>Lima, 10 ene (SANA) Al menos 14 personas murieron durante las protestas que exigen la renuncia de Dina Boluarte a la Presidencia y la liberaci\u00f3n de Pedro Castillo, vacado del cargo el pasado 7 de diciembre. La Defensor\u00eda del Pueblo de Per\u00fa confirm\u00f3 los 14 fallecidos, en medio de enfrentamientos entre manifestantes y las fuerzas &hellip;<\/p>\n","protected":false},"author":34,"featured_media":270670,"comment_status":"closed","ping_status":"closed","sticky":false,"template":"","format":"standard","meta":{"footnotes":""},"categories":[597,456,20724,7541],"tags":[],"class_list":["post-270669","post","type-post","status-publish","format-standard","has-post-thumbnail","","category-cinta-de-noticias","category-arabe-internacional-politica","category-minuto-a-minuto","category-ultimas-noticias"],"_links":{"self":[{"href":"https:\/\/archive.sana.sy\/es\/index.php?rest_route=\/wp\/v2\/posts\/270669"}],"collection":[{"href":"https:\/\/archive.sana.sy\/es\/index.php?rest_route=\/wp\/v2\/posts"}],"about":[{"href":"https:\/\/archive.sana.sy\/es\/index.php?rest_route=\/wp\/v2\/types\/post"}],"author":[{"embeddable":true,"href":"https:\/\/archive.sana.sy\/es\/index.php?rest_route=\/wp\/v2\/users\/34"}],"replies":[{"embeddable":true,"href":"https:\/\/archive.sana.sy\/es\/index.php?rest_route=%2Fwp%2Fv2%2Fcomments&post=270669"}],"version-history":[{"count":0,"href":"https:\/\/archive.sana.sy\/es\/index.php?rest_route=\/wp\/v2\/posts\/270669\/revisions"}],"wp:featuredmedia":[{"embeddable":true,"href":"https:\/\/archive.sana.sy\/es\/index.php?rest_route=\/wp\/v2\/media\/270670"}],"wp:attachment":[{"href":"https:\/\/archive.sana.sy\/es\/index.php?rest_route=%2Fwp%2Fv2%2Fmedia&parent=270669"}],"wp:term":[{"taxonomy":"category","embeddable":true,"href":"https:\/\/archive.sana.sy\/es\/index.php?rest_route=%2Fwp%2Fv2%2Fcategories&post=270669"},{"taxonomy":"post_tag","embeddable":true,"href":"https:\/\/archive.sana.sy\/es\/index.php?rest_route=%2Fwp%2Fv2%2Ftags&post=270669"}],"curies":[{"name":"wp","href":"https:\/\/api.w.org\/{rel}","templated":true}]}}