{"id":27067,"date":"2015-07-22T14:11:34","date_gmt":"2015-07-22T11:11:34","guid":{"rendered":"http:\/\/sana.sy\/es\/?p=27067"},"modified":"2015-07-22T19:18:42","modified_gmt":"2015-07-22T16:18:42","slug":"tunez-detenidas-tres-personas-por-cargos-de-envio-de-jovenes-a-libia-y-siria","status":"publish","type":"post","link":"https:\/\/archive.sana.sy\/es\/?p=27067","title":{"rendered":"T\u00fanez: detenidas tres personas por cargos de env\u00edo de j\u00f3venes a Libia y Siria"},"content":{"rendered":"<div><\/div>\n<div class=\"yj6qo ajU\">\n<div id=\":ul\" class=\"ajR\" style=\"text-align: justify\"><span style=\"color: #000000\"><span style=\"color: #800000\">Tr\u00edpoli, SANA<\/span><\/p>\n<p>Unidades de la Seguridad Nacional de T\u00fanez detuvieron a tres personas en el estado de Nabeul en el nordeste del pa\u00eds, por cargos de su involucramiento en el env\u00edo de j\u00f3venes a luchar en Libia y Siria.<\/p>\n<p>Fuentes de seguridad tunecinas dijeron que &#8220;las tres personas fueron detenidas tras recibir informaci\u00f3n sobre su participaci\u00f3n en el env\u00edo de j\u00f3venes a los dos pa\u00edses.&#8221;<\/p>\n<p>Las fuentes agregaron que la polic\u00eda judicial de T\u00fanez investig\u00f3 con los sospechosos antes de remitirlos al Tribunal de Primera Instancia en el estado.<\/p>\n<p>Los servicios de seguridad tunecinos hab\u00eda desarticulado a muchas redes que reclutan a j\u00f3venes y los env\u00eda a Siria para luchar junto a las organizaciones terroristas armadas.<\/p>\n<p>Fady M., Hala B.<img decoding=\"async\" class=\"ajT\" src=\"https:\/\/ssl.gstatic.com\/ui\/v1\/icons\/mail\/images\/cleardot.gif\" alt=\"\" \/><\/span><\/div>\n<\/div>\n","protected":false},"excerpt":{"rendered":"<p>Tr\u00edpoli, SANA Unidades de la Seguridad Nacional de T\u00fanez detuvieron a tres personas en el estado de Nabeul en el nordeste del pa\u00eds, por cargos de su involucramiento en el env\u00edo de j\u00f3venes a luchar en Libia y Siria. Fuentes de seguridad tunecinas dijeron que &#8220;las tres personas fueron detenidas tras recibir informaci\u00f3n sobre su &hellip;<\/p>\n","protected":false},"author":1,"featured_media":27068,"comment_status":"closed","ping_status":"closed","sticky":false,"template":"","format":"standard","meta":{"footnotes":""},"categories":[456,576],"tags":[6075],"class_list":["post-27067","post","type-post","status-publish","format-standard","has-post-thumbnail","","category-arabe-internacional-politica","category-noticias-politicas","tag-tunez-detenidas-tres-personas-por-cargos-de-envio-de-jovenes-a-libia-y-siria"],"_links":{"self":[{"href":"https:\/\/archive.sana.sy\/es\/index.php?rest_route=\/wp\/v2\/posts\/27067"}],"collection":[{"href":"https:\/\/archive.sana.sy\/es\/index.php?rest_route=\/wp\/v2\/posts"}],"about":[{"href":"https:\/\/archive.sana.sy\/es\/index.php?rest_route=\/wp\/v2\/types\/post"}],"author":[{"embeddable":true,"href":"https:\/\/archive.sana.sy\/es\/index.php?rest_route=\/wp\/v2\/users\/1"}],"replies":[{"embeddable":true,"href":"https:\/\/archive.sana.sy\/es\/index.php?rest_route=%2Fwp%2Fv2%2Fcomments&post=27067"}],"version-history":[{"count":0,"href":"https:\/\/archive.sana.sy\/es\/index.php?rest_route=\/wp\/v2\/posts\/27067\/revisions"}],"wp:featuredmedia":[{"embeddable":true,"href":"https:\/\/archive.sana.sy\/es\/index.php?rest_route=\/wp\/v2\/media\/27068"}],"wp:attachment":[{"href":"https:\/\/archive.sana.sy\/es\/index.php?rest_route=%2Fwp%2Fv2%2Fmedia&parent=27067"}],"wp:term":[{"taxonomy":"category","embeddable":true,"href":"https:\/\/archive.sana.sy\/es\/index.php?rest_route=%2Fwp%2Fv2%2Fcategories&post=27067"},{"taxonomy":"post_tag","embeddable":true,"href":"https:\/\/archive.sana.sy\/es\/index.php?rest_route=%2Fwp%2Fv2%2Ftags&post=27067"}],"curies":[{"name":"wp","href":"https:\/\/api.w.org\/{rel}","templated":true}]}}