{"id":270686,"date":"2023-01-10T09:59:03","date_gmt":"2023-01-10T07:59:03","guid":{"rendered":"http:\/\/107.6.182.27\/es\/?p=270686"},"modified":"2023-01-10T15:47:47","modified_gmt":"2023-01-10T13:47:47","slug":"cuba-y-argelia-condenan-la-violencia-ejercida-por-seguidores-de-bolsonaro-en-brasil","status":"publish","type":"post","link":"https:\/\/archive.sana.sy\/es\/?p=270686","title":{"rendered":"Cuba y Argelia condenan la violencia ejercida por seguidores de Bolsonaro en Brasil"},"content":{"rendered":"<p style=\"text-align: justify;\"><span style=\"color: #800000;\"><strong>La Habana &#8211; Argel, 10 ene (SANA)\u00a0<\/strong><\/span> El presidente cubano, Miguel D\u00edaz-Canel, expres\u00f3 su respaldo al Estado brasile\u00f1a encabezada por el presidente electo Luiz In\u00e1cio Lula da Silva ante los actos violentos que ocurrieron en Brasil.<\/p>\n<p style=\"text-align: justify;\">Canel sostuvo una conversaci\u00f3n telef\u00f3nica con su hom\u00f3logo da Silva, durante la cual afirm\u00f3 su solidaridad con el pueblo brasile\u00f1o y su rechazo a los disturbios hechos por los bolsonaristas.<\/p>\n<p style=\"text-align: justify;\">Los dos mandatarios expresaron su voluntad de fortalecer y profundizar las relaciones bilaterales en beneficio de los dos pueblos.<\/p>\n<p style=\"text-align: justify;\">En el mismo contexto, Argelia expres\u00f3 su en\u00e9rgica condena a los asaltos por parte de los seguidores radicales del exmandatario brasile\u00f1o contra las instituciones del Estado en Brasil.<\/p>\n<p style=\"text-align: justify;\">Confiamos en la capacidad del pueblo brasile\u00f1o de superar esta crisis en paz, y nuestro pa\u00eds apoya el proceso democr\u00e1tico que result\u00f3 en la elecci\u00f3n de Lula da Silva como presidente del pa\u00eds, inform\u00f3 un comunicado del Ministerio de Exteriores y de la comunidad argelina residente en el exterior.<\/p>\n<p style=\"text-align: justify;\"><em><strong>ws\/fm<\/strong><\/em><\/p>\n","protected":false},"excerpt":{"rendered":"<p>La Habana &#8211; Argel, 10 ene (SANA)\u00a0 El presidente cubano, Miguel D\u00edaz-Canel, expres\u00f3 su respaldo al Estado brasile\u00f1a encabezada por el presidente electo Luiz In\u00e1cio Lula da Silva ante los actos violentos que ocurrieron en Brasil. Canel sostuvo una conversaci\u00f3n telef\u00f3nica con su hom\u00f3logo da Silva, durante la cual afirm\u00f3 su solidaridad con el pueblo &hellip;<\/p>\n","protected":false},"author":35,"featured_media":270696,"comment_status":"closed","ping_status":"closed","sticky":false,"template":"","format":"standard","meta":{"footnotes":""},"categories":[597,456,20724,7541],"tags":[],"class_list":["post-270686","post","type-post","status-publish","format-standard","has-post-thumbnail","","category-cinta-de-noticias","category-arabe-internacional-politica","category-minuto-a-minuto","category-ultimas-noticias"],"_links":{"self":[{"href":"https:\/\/archive.sana.sy\/es\/index.php?rest_route=\/wp\/v2\/posts\/270686"}],"collection":[{"href":"https:\/\/archive.sana.sy\/es\/index.php?rest_route=\/wp\/v2\/posts"}],"about":[{"href":"https:\/\/archive.sana.sy\/es\/index.php?rest_route=\/wp\/v2\/types\/post"}],"author":[{"embeddable":true,"href":"https:\/\/archive.sana.sy\/es\/index.php?rest_route=\/wp\/v2\/users\/35"}],"replies":[{"embeddable":true,"href":"https:\/\/archive.sana.sy\/es\/index.php?rest_route=%2Fwp%2Fv2%2Fcomments&post=270686"}],"version-history":[{"count":0,"href":"https:\/\/archive.sana.sy\/es\/index.php?rest_route=\/wp\/v2\/posts\/270686\/revisions"}],"wp:featuredmedia":[{"embeddable":true,"href":"https:\/\/archive.sana.sy\/es\/index.php?rest_route=\/wp\/v2\/media\/270696"}],"wp:attachment":[{"href":"https:\/\/archive.sana.sy\/es\/index.php?rest_route=%2Fwp%2Fv2%2Fmedia&parent=270686"}],"wp:term":[{"taxonomy":"category","embeddable":true,"href":"https:\/\/archive.sana.sy\/es\/index.php?rest_route=%2Fwp%2Fv2%2Fcategories&post=270686"},{"taxonomy":"post_tag","embeddable":true,"href":"https:\/\/archive.sana.sy\/es\/index.php?rest_route=%2Fwp%2Fv2%2Ftags&post=270686"}],"curies":[{"name":"wp","href":"https:\/\/api.w.org\/{rel}","templated":true}]}}