{"id":270693,"date":"2023-01-10T09:37:35","date_gmt":"2023-01-10T07:37:35","guid":{"rendered":"http:\/\/107.6.182.27\/es\/?p=270693"},"modified":"2023-01-10T15:47:47","modified_gmt":"2023-01-10T13:47:47","slug":"investigan-documentos-clasificados-de-administracion-obama-biden","status":"publish","type":"post","link":"https:\/\/archive.sana.sy\/es\/?p=270693","title":{"rendered":"Investigan documentos clasificados de administraci\u00f3n Obama-Biden"},"content":{"rendered":"<blockquote>\n<p style=\"text-align: justify;\"><strong>\u201cLa Casa Blanca est\u00e1 cooperando con los Archivos Nacionales y el Departamento de Justicia con respecto al descubrimiento de lo que parecen ser registros de la administraci\u00f3n Obama-Biden, incluida una peque\u00f1a cantidad de documentos con marcas clasificadas\u201d<\/strong><\/p>\n<\/blockquote>\n<p style=\"text-align: justify;\"><span style=\"color: #800000;\"><strong>Washington, 10 ene (SANA)\u00a0<\/strong><\/span> \u00a0 Documentos clasificados de la administraci\u00f3n Barack Obama-Joe Biden (2009-2017) encontrados en una oficina privada, est\u00e1n bajo revisi\u00f3n del Departamento de Justicia (DOJ) de Estados Unidos para una mayor investigaci\u00f3n.<\/p>\n<p style=\"text-align: justify;\">En un comunicado citado por Prensa Latina, la Casa Blanca inform\u00f3 que colabora junto al ente judicial en la indagaci\u00f3n de los documentos descubiertos en una oficina de la Universidad de Pensilvania, en noviembre pasado.<\/p>\n<p style=\"text-align: justify;\">Apenas encontraron las p\u00e1ginas, el equipo legal del presidente Joe Biden notific\u00f3 a los Archivos Nacionales, dijo Richard Sauber, abogado especial del mandatario.<\/p>\n<p style=\"text-align: justify;\">En su \u00e9poca de vicepresidente, Biden us\u00f3 esa oficina mientras se desempe\u00f1aba como profesor honorario de la universidad de 2017 a 2019, indic\u00f3 CBS News.<\/p>\n<p style=\"text-align: justify;\">Los Archivos tomaron posesi\u00f3n de los materiales y desde entonces remitieron el asunto al DOJ para una mayor investigaci\u00f3n.<\/p>\n<p style=\"text-align: justify;\">\u201cLa Casa Blanca est\u00e1 cooperando con los Archivos Nacionales y el Departamento de Justicia con respecto al descubrimiento de lo que parecen ser registros de la administraci\u00f3n Obama-Biden, incluida una peque\u00f1a cantidad de documentos con marcas clasificadas\u201d, dijo Sauber.<\/p>\n<p style=\"text-align: justify;\">Seg\u00fan la Ley de Registros Presidenciales, el presidente y el vicepresidente, una vez retirados del cargo, deben entregar las documentaciones a los Archivos Nacionales para su almacenamiento seguro.<\/p>\n<p style=\"text-align: justify;\">El hecho de que esos documentos clasificados no estuvieran en posesi\u00f3n de los Archivos generar\u00e1 cr\u00edticas de los conservadores, dado que el expresidente Donald Trump (2017-2021) es investigado por llevar numerosos escritos clasificados a su propiedad al salir de la Casa Blanca, subraya The Hill.<\/p>\n<p style=\"text-align: justify;\">Agentes federales registraron la propiedad de Trump en Mar-a-Lago en agosto pasado para recuperar materiales confidenciales que el ex mandatario se llev\u00f3 consigo al dejar el cargo.<\/p>\n<p style=\"text-align: justify;\">Dicha b\u00fasqueda de la Oficina Federal de Investigaciones (FBI) se produjo despu\u00e9s de que los Archivos Nacionales recuperaran en enero pasado m\u00e1s de 150 documentos clasificados.<\/p>\n<p style=\"text-align: justify;\">La preocupaci\u00f3n sobre cu\u00e1ntos documentos ten\u00eda Trump en su propiedad hizo que los Archivos alertaran al DOJ, lo que eventualmente condujo a la b\u00fasqueda del FBI.<\/p>\n<p style=\"text-align: justify;\">Los federales descubrieron 15 cajas que conten\u00edan 184 documentos clasificados, incluidos 25 que estaban marcados como \u00abultra secreto\u00bb, con contenido nuclear, apunta el diario The Hill.<\/p>\n<p style=\"text-align: justify;\">En total, The New York Times inform\u00f3 que el gobierno federal recuper\u00f3 m\u00e1s de 300 documentos con diferentes niveles de marcas de clasificaci\u00f3n.<\/p>\n<p style=\"text-align: justify;\">fm\/ed<\/p>\n","protected":false},"excerpt":{"rendered":"<p>\u201cLa Casa Blanca est\u00e1 cooperando con los Archivos Nacionales y el Departamento de Justicia con respecto al descubrimiento de lo que parecen ser registros de la administraci\u00f3n Obama-Biden, incluida una peque\u00f1a cantidad de documentos con marcas clasificadas\u201d Washington, 10 ene (SANA)\u00a0 \u00a0 Documentos clasificados de la administraci\u00f3n Barack Obama-Joe Biden (2009-2017) encontrados en una oficina &hellip;<\/p>\n","protected":false},"author":32,"featured_media":270694,"comment_status":"closed","ping_status":"closed","sticky":false,"template":"","format":"standard","meta":{"footnotes":""},"categories":[597,456,20724,7541],"tags":[],"class_list":["post-270693","post","type-post","status-publish","format-standard","has-post-thumbnail","","category-cinta-de-noticias","category-arabe-internacional-politica","category-minuto-a-minuto","category-ultimas-noticias"],"_links":{"self":[{"href":"https:\/\/archive.sana.sy\/es\/index.php?rest_route=\/wp\/v2\/posts\/270693"}],"collection":[{"href":"https:\/\/archive.sana.sy\/es\/index.php?rest_route=\/wp\/v2\/posts"}],"about":[{"href":"https:\/\/archive.sana.sy\/es\/index.php?rest_route=\/wp\/v2\/types\/post"}],"author":[{"embeddable":true,"href":"https:\/\/archive.sana.sy\/es\/index.php?rest_route=\/wp\/v2\/users\/32"}],"replies":[{"embeddable":true,"href":"https:\/\/archive.sana.sy\/es\/index.php?rest_route=%2Fwp%2Fv2%2Fcomments&post=270693"}],"version-history":[{"count":0,"href":"https:\/\/archive.sana.sy\/es\/index.php?rest_route=\/wp\/v2\/posts\/270693\/revisions"}],"wp:featuredmedia":[{"embeddable":true,"href":"https:\/\/archive.sana.sy\/es\/index.php?rest_route=\/wp\/v2\/media\/270694"}],"wp:attachment":[{"href":"https:\/\/archive.sana.sy\/es\/index.php?rest_route=%2Fwp%2Fv2%2Fmedia&parent=270693"}],"wp:term":[{"taxonomy":"category","embeddable":true,"href":"https:\/\/archive.sana.sy\/es\/index.php?rest_route=%2Fwp%2Fv2%2Fcategories&post=270693"},{"taxonomy":"post_tag","embeddable":true,"href":"https:\/\/archive.sana.sy\/es\/index.php?rest_route=%2Fwp%2Fv2%2Ftags&post=270693"}],"curies":[{"name":"wp","href":"https:\/\/api.w.org\/{rel}","templated":true}]}}