{"id":27071,"date":"2015-07-22T15:07:13","date_gmt":"2015-07-22T12:07:13","guid":{"rendered":"http:\/\/sana.sy\/es\/?p=27071"},"modified":"2015-07-22T15:12:43","modified_gmt":"2015-07-22T12:12:43","slug":"27071","status":"publish","type":"post","link":"https:\/\/archive.sana.sy\/es\/?p=27071","title":{"rendered":"Fuerzas yemen\u00edes toman principal feudo de Al-Qaeda y EI en Taiz"},"content":{"rendered":"<div><\/div>\n<div><span lang=\"ES-TRAD\" style=\"color: #ff0000\">San\u00e1, SANA<\/span><\/div>\n<div><\/div>\n<div><span lang=\"ES-TRAD\">El Ej\u00e9rcito yemen\u00ed y los comit\u00e9s populares ampliaron su dominio en Taiz y recuperaron el feudo principal de los terroristas en esta provincia suroccidental yemen\u00ed.<\/span><\/div>\n<div><\/div>\n<div><span lang=\"ES-TRAD\">Mientras los aviones de guerra saud\u00edes siguen bombardeando el territorio yemen\u00ed, una fuente militar confirm\u00f3 que la zona Al-Asifra, el principal basti\u00f3n de los grupos terroristas afiliados a Al-Qaeda y EI, fue recapturada.<\/span><\/div>\n<div><span lang=\"ES-TRAD\">\u00a0<\/span><\/div>\n<div><span lang=\"ES-TRAD\">La misma fuente agreg\u00f3 que los combatientes del movimiento popular yemen\u00ed Ansarol\u00e1, que apoyan los operativos de las fuerzas armadas, destruyeron varios blindados de los elementos leales al expresidente pr\u00f3fugo Abdu Rabu Mansur Hadi en la misma localidad.<\/span><\/div>\n<div><\/div>\n<div><span lang=\"ES-TRAD\">Por otro lado, la televisi\u00f3n libanesa Al-Mayadeen inform\u00f3 de la toma de las entradas de la ciudad de Marib.<\/span><\/div>\n<div><\/div>\n<div><span lang=\"ES-TRAD\">El 26 de marzo, Arabia Saud\u00ed comenz\u00f3 una ofensiva a\u00e9rea contra Yemen sin el aval de las Naciones Unidas, pero con luz verde de EE.UU., en un intento por restaurar en el poder a Mansur Hadi, un fiel aliado.<\/span><\/div>\n<div><\/div>\n<div><span lang=\"ES-TRAD\">Pese a los m\u00e1s de 118 d\u00edas de bombardeos, estos ataques no han logrado detener a las fuerzas del Ej\u00e9rcito yemen\u00ed y los combatientes de Ansarol\u00e1.<\/span><\/div>\n<div><\/div>\n<div><span style=\"color: #00ccff\">Fady M., Hala B.<\/span><\/div>\n<div class=\"yj6qo ajU\">\n<div id=\":10w\" class=\"ajR\"><img decoding=\"async\" class=\"ajT\" src=\"https:\/\/ssl.gstatic.com\/ui\/v1\/icons\/mail\/images\/cleardot.gif\" alt=\"\" \/><\/div>\n<\/div>\n","protected":false},"excerpt":{"rendered":"<p>San\u00e1, SANA El Ej\u00e9rcito yemen\u00ed y los comit\u00e9s populares ampliaron su dominio en Taiz y recuperaron el feudo principal de los terroristas en esta provincia suroccidental yemen\u00ed. Mientras los aviones de guerra saud\u00edes siguen bombardeando el territorio yemen\u00ed, una fuente militar confirm\u00f3 que la zona Al-Asifra, el principal basti\u00f3n de los grupos terroristas afiliados a &hellip;<\/p>\n","protected":false},"author":1,"featured_media":0,"comment_status":"closed","ping_status":"closed","sticky":false,"template":"","format":"standard","meta":{"footnotes":""},"categories":[597],"tags":[6076],"class_list":["post-27071","post","type-post","status-publish","format-standard","","category-cinta-de-noticias","tag-fuerzas-yemenies-toman-principal-feudo-de-al-qaeda-y-ei-en-taiz"],"_links":{"self":[{"href":"https:\/\/archive.sana.sy\/es\/index.php?rest_route=\/wp\/v2\/posts\/27071"}],"collection":[{"href":"https:\/\/archive.sana.sy\/es\/index.php?rest_route=\/wp\/v2\/posts"}],"about":[{"href":"https:\/\/archive.sana.sy\/es\/index.php?rest_route=\/wp\/v2\/types\/post"}],"author":[{"embeddable":true,"href":"https:\/\/archive.sana.sy\/es\/index.php?rest_route=\/wp\/v2\/users\/1"}],"replies":[{"embeddable":true,"href":"https:\/\/archive.sana.sy\/es\/index.php?rest_route=%2Fwp%2Fv2%2Fcomments&post=27071"}],"version-history":[{"count":0,"href":"https:\/\/archive.sana.sy\/es\/index.php?rest_route=\/wp\/v2\/posts\/27071\/revisions"}],"wp:attachment":[{"href":"https:\/\/archive.sana.sy\/es\/index.php?rest_route=%2Fwp%2Fv2%2Fmedia&parent=27071"}],"wp:term":[{"taxonomy":"category","embeddable":true,"href":"https:\/\/archive.sana.sy\/es\/index.php?rest_route=%2Fwp%2Fv2%2Fcategories&post=27071"},{"taxonomy":"post_tag","embeddable":true,"href":"https:\/\/archive.sana.sy\/es\/index.php?rest_route=%2Fwp%2Fv2%2Ftags&post=27071"}],"curies":[{"name":"wp","href":"https:\/\/api.w.org\/{rel}","templated":true}]}}