{"id":27133,"date":"2015-07-23T23:15:55","date_gmt":"2015-07-23T20:15:55","guid":{"rendered":"http:\/\/www.sana.sy\/es\/?p=27133"},"modified":"2015-07-23T23:18:03","modified_gmt":"2015-07-23T20:18:03","slug":"canciller-sirio-recibe-al-enviado-especial-de-las-naciones-unidas-a-siria","status":"publish","type":"post","link":"https:\/\/archive.sana.sy\/es\/?p=27133","title":{"rendered":"Canciller sirio recibe al Enviado Especial de las Naciones Unidas a Siria"},"content":{"rendered":"<p><span style=\"color: #800000\">Damasco, SANA<\/span><\/p>\n<p>El Viceprimer Ministro y Ministro de Exteriores y Expatriados, Walid al-Moallem, recibi\u00f3 este jueves a Staffan de Mistura, Enviado Especial del Secretario General de las Naciones Unidas a Siria, y la\u00a0 delegaci\u00f3n que lo acompa\u00f1a.<\/p>\n<p>De Mistura ofreci\u00f3 una explicaci\u00f3n sobre los \u00faltimos acontecimientos en relaci\u00f3n con las consultas y las reuniones que sostuvo en varios pa\u00edses sobre las maneras de alcanzar soluciones pol\u00edticas a la crisis en Siria, antes del informe que debe presentar al Consejo de Seguridad a finales de este mes.<\/p>\n<p>Por su parte, el canciller al-Moallem abord\u00f3 la evoluci\u00f3n de la situaci\u00f3n en Siria y reiter\u00f3 el apoyo a los esfuerzos del Enviado Especial encaminados a alcanzar una soluci\u00f3n pol\u00edtica.<\/p>\n<p>El jefe de la diplomacia siria consider\u00f3 que Siria sigue considerando que acabar con el terrorismo, secar sus fuentes de financiaci\u00f3n y apoyo, constituyen una prioridad clave.<\/p>\n<p>Asimismo, resalt\u00f3 el apoyo de Siria a la iniciativa lanzada por el presidente ruso, Vladimir Putin, para la materializaci\u00f3n de un esfuerzo regional para acabar contra el terrorismo en el marco de la aplicaci\u00f3n de las resoluciones del Consejo de Seguridad sobre el terrorismo.<\/p>\n<p>Tambi\u00e9n, hizo\u00a0 hincapi\u00e9 en que el pueblo y el ej\u00e9rcito de Siria son firmes en la defensa de la seguridad y la estabilidad de Siria y la regi\u00f3n.<\/p>\n<p>Fady M., Lynn A.<\/p>\n","protected":false},"excerpt":{"rendered":"<p>Damasco, SANA El Viceprimer Ministro y Ministro de Exteriores y Expatriados, Walid al-Moallem, recibi\u00f3 este jueves a Staffan de Mistura, Enviado Especial del Secretario General de las Naciones Unidas a Siria, y la\u00a0 delegaci\u00f3n que lo acompa\u00f1a. De Mistura ofreci\u00f3 una explicaci\u00f3n sobre los \u00faltimos acontecimientos en relaci\u00f3n con las consultas y las reuniones que &hellip;<\/p>\n","protected":false},"author":24,"featured_media":27134,"comment_status":"closed","ping_status":"closed","sticky":false,"template":"","format":"standard","meta":{"footnotes":""},"categories":[477,597,476,576],"tags":[6092],"class_list":["post-27133","post","type-post","status-publish","format-standard","has-post-thumbnail","","category-noticias-edulcorantes","category-cinta-de-noticias","category-locales","category-noticias-politicas","tag-canciller-sirio-recibe-al-enviado-especial-de-las-naciones-unidas-a-siria"],"_links":{"self":[{"href":"https:\/\/archive.sana.sy\/es\/index.php?rest_route=\/wp\/v2\/posts\/27133"}],"collection":[{"href":"https:\/\/archive.sana.sy\/es\/index.php?rest_route=\/wp\/v2\/posts"}],"about":[{"href":"https:\/\/archive.sana.sy\/es\/index.php?rest_route=\/wp\/v2\/types\/post"}],"author":[{"embeddable":true,"href":"https:\/\/archive.sana.sy\/es\/index.php?rest_route=\/wp\/v2\/users\/24"}],"replies":[{"embeddable":true,"href":"https:\/\/archive.sana.sy\/es\/index.php?rest_route=%2Fwp%2Fv2%2Fcomments&post=27133"}],"version-history":[{"count":0,"href":"https:\/\/archive.sana.sy\/es\/index.php?rest_route=\/wp\/v2\/posts\/27133\/revisions"}],"wp:featuredmedia":[{"embeddable":true,"href":"https:\/\/archive.sana.sy\/es\/index.php?rest_route=\/wp\/v2\/media\/27134"}],"wp:attachment":[{"href":"https:\/\/archive.sana.sy\/es\/index.php?rest_route=%2Fwp%2Fv2%2Fmedia&parent=27133"}],"wp:term":[{"taxonomy":"category","embeddable":true,"href":"https:\/\/archive.sana.sy\/es\/index.php?rest_route=%2Fwp%2Fv2%2Fcategories&post=27133"},{"taxonomy":"post_tag","embeddable":true,"href":"https:\/\/archive.sana.sy\/es\/index.php?rest_route=%2Fwp%2Fv2%2Ftags&post=27133"}],"curies":[{"name":"wp","href":"https:\/\/api.w.org\/{rel}","templated":true}]}}