{"id":27143,"date":"2015-07-23T16:09:27","date_gmt":"2015-07-23T13:09:27","guid":{"rendered":"http:\/\/www.sana.sy\/es\/?p=27143"},"modified":"2015-07-23T16:09:27","modified_gmt":"2015-07-23T13:09:27","slug":"diario-turco-expulsa-a-periodista-que-responsabilizo-a-erdogan-del-atentado-terrorista-de-suruc","status":"publish","type":"post","link":"https:\/\/archive.sana.sy\/es\/?p=27143","title":{"rendered":"Diario turco expulsa a periodista que responsabiliz\u00f3 a Erdogan del atentado terrorista de Suruc"},"content":{"rendered":"<p><span style=\"color: #800000\">Ankara, SANA<\/span><\/p>\n<p>Como parte de la pol\u00edtica opresiva llevada a cabo por el r\u00e9gimen de Erdogan contra los periodistas, el peri\u00f3dico turco Melliaat procedi\u00f3, a petici\u00f3n de Erdogan personalmente, a expulsar al escritor y periodista Kadri Kursaal, bajo el pretexto de incumplir &#8220;las normas \u00e9ticas del peri\u00f3dico.&#8221;<\/p>\n<p>El conocido periodista hab\u00eda dicho en su cuenta en Twitter, que &#8220;es una verg\u00fcenza horripilante que los l\u00edderes de algunos pa\u00edses extranjeros se comunican con el principal causante del terrorismo del EI, en referencia a Erdogan&#8221;.<br \/>\nKursaal opin\u00f3 que &#8220;el terrorismo del EI es el producto de la pol\u00edtica de puertas abiertas para los yihadistas, adoptada por el partido gobernante de Justicia y Desarrollo&#8221;.<\/p>\n<p>La expulsi\u00f3n del mencionado periodista vienen despu\u00e9s de que Erdogan haya pedido personalmente a los due\u00f1os y editores de los peri\u00f3dicos y canales de televisi\u00f3n, expulsar a los periodistas que lo atacan personalmente.<\/p>\n<p>Fady M., Lynn A.<\/p>\n","protected":false},"excerpt":{"rendered":"<p>Ankara, SANA Como parte de la pol\u00edtica opresiva llevada a cabo por el r\u00e9gimen de Erdogan contra los periodistas, el peri\u00f3dico turco Melliaat procedi\u00f3, a petici\u00f3n de Erdogan personalmente, a expulsar al escritor y periodista Kadri Kursaal, bajo el pretexto de incumplir &#8220;las normas \u00e9ticas del peri\u00f3dico.&#8221; El conocido periodista hab\u00eda dicho en su cuenta &hellip;<\/p>\n","protected":false},"author":24,"featured_media":15926,"comment_status":"closed","ping_status":"closed","sticky":false,"template":"","format":"standard","meta":{"footnotes":""},"categories":[555],"tags":[6095],"class_list":["post-27143","post","type-post","status-publish","format-standard","has-post-thumbnail","","category-prensa","tag-diario-turco-expulsa-a-periodista-que-responsabilizo-a-erdogan-del-atentado-terrorista-de-suruc"],"_links":{"self":[{"href":"https:\/\/archive.sana.sy\/es\/index.php?rest_route=\/wp\/v2\/posts\/27143"}],"collection":[{"href":"https:\/\/archive.sana.sy\/es\/index.php?rest_route=\/wp\/v2\/posts"}],"about":[{"href":"https:\/\/archive.sana.sy\/es\/index.php?rest_route=\/wp\/v2\/types\/post"}],"author":[{"embeddable":true,"href":"https:\/\/archive.sana.sy\/es\/index.php?rest_route=\/wp\/v2\/users\/24"}],"replies":[{"embeddable":true,"href":"https:\/\/archive.sana.sy\/es\/index.php?rest_route=%2Fwp%2Fv2%2Fcomments&post=27143"}],"version-history":[{"count":0,"href":"https:\/\/archive.sana.sy\/es\/index.php?rest_route=\/wp\/v2\/posts\/27143\/revisions"}],"wp:featuredmedia":[{"embeddable":true,"href":"https:\/\/archive.sana.sy\/es\/index.php?rest_route=\/wp\/v2\/media\/15926"}],"wp:attachment":[{"href":"https:\/\/archive.sana.sy\/es\/index.php?rest_route=%2Fwp%2Fv2%2Fmedia&parent=27143"}],"wp:term":[{"taxonomy":"category","embeddable":true,"href":"https:\/\/archive.sana.sy\/es\/index.php?rest_route=%2Fwp%2Fv2%2Fcategories&post=27143"},{"taxonomy":"post_tag","embeddable":true,"href":"https:\/\/archive.sana.sy\/es\/index.php?rest_route=%2Fwp%2Fv2%2Ftags&post=27143"}],"curies":[{"name":"wp","href":"https:\/\/api.w.org\/{rel}","templated":true}]}}