{"id":27150,"date":"2015-07-23T16:42:36","date_gmt":"2015-07-23T13:42:36","guid":{"rendered":"http:\/\/www.sana.sy\/es\/?p=27150"},"modified":"2023-01-09T14:09:56","modified_gmt":"2023-01-09T12:09:56","slug":"mueren-dos-personas-tras-una-explosion-terrorista-en-el-campo-de-sweida","status":"publish","type":"post","link":"https:\/\/archive.sana.sy\/es\/?p=27150","title":{"rendered":"Mueren dos personas tras una explosi\u00f3n terrorista en el campo de Sweida"},"content":{"rendered":"<p><span style=\"color: #800000\">Sweida, SANA<\/span><\/p>\n<p>Dos personas perdieron la vida tras un atentado terrorista con artefacto explosivo en el campo noreste de Sweida.<\/p>\n<p>Una fuente en la provincia sure\u00f1a detall\u00f3 que terroristas del Estado Isl\u00e1mico detonaron un artefacto explosivo al pasar cuatro personas a bordo de dos motocicletas en la carretera de Shaka\/al-Buzaina en el campo noreste de la provincia.<\/p>\n<p>El atentado terrorista se cobr\u00f3 la vida de dos personas mientras que los otros dos resultaron heridos.<\/p>\n<p>&nbsp;<\/p>\n<p>Lynn A.<\/p>\n","protected":false},"excerpt":{"rendered":"<p>Sweida, SANA Dos personas perdieron la vida tras un atentado terrorista con artefacto explosivo en el campo noreste de Sweida. Una fuente en la provincia sure\u00f1a detall\u00f3 que terroristas del Estado Isl\u00e1mico detonaron un artefacto explosivo al pasar cuatro personas a bordo de dos motocicletas en la carretera de Shaka\/al-Buzaina en el campo noreste de &hellip;<\/p>\n","protected":false},"author":24,"featured_media":27163,"comment_status":"closed","ping_status":"closed","sticky":false,"template":"","format":"standard","meta":{"footnotes":""},"categories":[477,597,573,476],"tags":[6098],"class_list":["post-27150","post","type-post","status-publish","format-standard","has-post-thumbnail","","category-noticias-edulcorantes","category-cinta-de-noticias","category-la-realidad-de-los-acontecimientos-en-siria","category-locales","tag-mueren-dos-personas-tras-una-explosion-terrorista-en-el-campo-de-sweida"],"_links":{"self":[{"href":"https:\/\/archive.sana.sy\/es\/index.php?rest_route=\/wp\/v2\/posts\/27150"}],"collection":[{"href":"https:\/\/archive.sana.sy\/es\/index.php?rest_route=\/wp\/v2\/posts"}],"about":[{"href":"https:\/\/archive.sana.sy\/es\/index.php?rest_route=\/wp\/v2\/types\/post"}],"author":[{"embeddable":true,"href":"https:\/\/archive.sana.sy\/es\/index.php?rest_route=\/wp\/v2\/users\/24"}],"replies":[{"embeddable":true,"href":"https:\/\/archive.sana.sy\/es\/index.php?rest_route=%2Fwp%2Fv2%2Fcomments&post=27150"}],"version-history":[{"count":0,"href":"https:\/\/archive.sana.sy\/es\/index.php?rest_route=\/wp\/v2\/posts\/27150\/revisions"}],"wp:featuredmedia":[{"embeddable":true,"href":"https:\/\/archive.sana.sy\/es\/index.php?rest_route=\/wp\/v2\/media\/27163"}],"wp:attachment":[{"href":"https:\/\/archive.sana.sy\/es\/index.php?rest_route=%2Fwp%2Fv2%2Fmedia&parent=27150"}],"wp:term":[{"taxonomy":"category","embeddable":true,"href":"https:\/\/archive.sana.sy\/es\/index.php?rest_route=%2Fwp%2Fv2%2Fcategories&post=27150"},{"taxonomy":"post_tag","embeddable":true,"href":"https:\/\/archive.sana.sy\/es\/index.php?rest_route=%2Fwp%2Fv2%2Ftags&post=27150"}],"curies":[{"name":"wp","href":"https:\/\/api.w.org\/{rel}","templated":true}]}}