{"id":27175,"date":"2015-07-23T22:19:55","date_gmt":"2015-07-23T19:19:55","guid":{"rendered":"http:\/\/sana.sy\/es\/?p=27175"},"modified":"2015-07-23T22:19:55","modified_gmt":"2015-07-23T19:19:55","slug":"siria-e-iran-celebran-conversaciones-sobre-el-desarrollo-de-relaciones-mediaticos","status":"publish","type":"post","link":"https:\/\/archive.sana.sy\/es\/?p=27175","title":{"rendered":"Siria e Ir\u00e1n celebran conversaciones sobre el desarrollo de relaciones medi\u00e1ticos"},"content":{"rendered":"<p>Damasco-SANA<\/p>\n<p>Se ha celebrado en el edificio del ministerio de informaci\u00f3n una sesi\u00f3n de conversaciones entre Siria e Ir\u00e1n.<\/p>\n<p>El ministro de informaci\u00f3n Omran Zouabi destac\u00f3 la importancia de promover la cooperaci\u00f3n medi\u00e1tica conjunta entre las instituciones de medios de comunicaci\u00f3n\u00a0 de ambos pa\u00edses para hacer frente al terrorismo, llamando a formar un equipo de trabajo conjunto a fin de elaborar legislaciones y mecanismos que permiten desarrollar la labor conjunta en la pr\u00f3xima etapa.<\/p>\n<p>Opin\u00f3 que la firma del acuerdo nuclear por parte de Ir\u00e1n y el grupo 5 + 1 constituye un logro mediante el cual el pa\u00eds p\u00e9rsico ha demostrado al mundo su capacidad extraordinaria de defender su derecho al uso de la energ\u00eda nuclear pac\u00edfica.<\/p>\n<p>A su vez, el ministro de Cultura y Orientaci\u00f3n Isl\u00e1mica de Ir\u00e1n, Mohamad Ali Yanati afirm\u00f3 que la pol\u00edtica de su pa\u00eds reside en apoyar a los pa\u00edses del eje de la resistencia, sobre todo Siria, haciendo hincapi\u00e9 en que la firma del acuerdo nuclear no impedir\u00e1 que Ir\u00e1n apoye la firmeza de los pa\u00edses oprimidos.<\/p>\n<p>\u00a8Desde el comienzo de la crisis siria, Ir\u00e1n ha opinado que la soluci\u00f3n en este pa\u00eds \u00e1rabe es pol\u00edtica y no militar y tanto los pa\u00edses occidentales como los \u00e1rabes han llegado a esta conclusi\u00f3n\u00a8, llamando a la vez a crear una coalici\u00f3n regional e internacional contra el terrorismo.<\/p>\n<p>De igual modo el funcionario iran\u00ed manifest\u00f3 la disposici\u00f3n de ofrecer la experiencia necesaria para desarrollar la cooperaci\u00f3n medi\u00e1tica bilateral para afrontar el terrorismo, se\u00f1alando que la alianza estrat\u00e9gica entre Siria e Ir\u00e1n seguir\u00e1 en el futuro y que se inaugurar\u00e1 un centro para la agencia de noticias iran\u00ed en Damasco.<\/p>\n<p>Yamil K.<\/p>\n","protected":false},"excerpt":{"rendered":"<p>Damasco-SANA Se ha celebrado en el edificio del ministerio de informaci\u00f3n una sesi\u00f3n de conversaciones entre Siria e Ir\u00e1n. El ministro de informaci\u00f3n Omran Zouabi destac\u00f3 la importancia de promover la cooperaci\u00f3n medi\u00e1tica conjunta entre las instituciones de medios de comunicaci\u00f3n\u00a0 de ambos pa\u00edses para hacer frente al terrorismo, llamando a formar un equipo de &hellip;<\/p>\n","protected":false},"author":1,"featured_media":27176,"comment_status":"closed","ping_status":"closed","sticky":false,"template":"","format":"standard","meta":{"footnotes":""},"categories":[477,597,476],"tags":[],"class_list":["post-27175","post","type-post","status-publish","format-standard","has-post-thumbnail","","category-noticias-edulcorantes","category-cinta-de-noticias","category-locales"],"_links":{"self":[{"href":"https:\/\/archive.sana.sy\/es\/index.php?rest_route=\/wp\/v2\/posts\/27175"}],"collection":[{"href":"https:\/\/archive.sana.sy\/es\/index.php?rest_route=\/wp\/v2\/posts"}],"about":[{"href":"https:\/\/archive.sana.sy\/es\/index.php?rest_route=\/wp\/v2\/types\/post"}],"author":[{"embeddable":true,"href":"https:\/\/archive.sana.sy\/es\/index.php?rest_route=\/wp\/v2\/users\/1"}],"replies":[{"embeddable":true,"href":"https:\/\/archive.sana.sy\/es\/index.php?rest_route=%2Fwp%2Fv2%2Fcomments&post=27175"}],"version-history":[{"count":0,"href":"https:\/\/archive.sana.sy\/es\/index.php?rest_route=\/wp\/v2\/posts\/27175\/revisions"}],"wp:featuredmedia":[{"embeddable":true,"href":"https:\/\/archive.sana.sy\/es\/index.php?rest_route=\/wp\/v2\/media\/27176"}],"wp:attachment":[{"href":"https:\/\/archive.sana.sy\/es\/index.php?rest_route=%2Fwp%2Fv2%2Fmedia&parent=27175"}],"wp:term":[{"taxonomy":"category","embeddable":true,"href":"https:\/\/archive.sana.sy\/es\/index.php?rest_route=%2Fwp%2Fv2%2Fcategories&post=27175"},{"taxonomy":"post_tag","embeddable":true,"href":"https:\/\/archive.sana.sy\/es\/index.php?rest_route=%2Fwp%2Fv2%2Ftags&post=27175"}],"curies":[{"name":"wp","href":"https:\/\/api.w.org\/{rel}","templated":true}]}}