{"id":27182,"date":"2015-07-23T23:12:29","date_gmt":"2015-07-23T20:12:29","guid":{"rendered":"http:\/\/sana.sy\/es\/?p=27182"},"modified":"2015-07-23T23:19:27","modified_gmt":"2015-07-23T20:19:27","slug":"yaafari-la-region-de-oriente-medio-no-tendra-estabilidad-si-no-se-alcanza-un-acuerdo-justo-global-basado-en-las-resoluciones-de-la-onu","status":"publish","type":"post","link":"https:\/\/archive.sana.sy\/es\/?p=27182","title":{"rendered":"Yaafari: La regi\u00f3n de Oriente Medio no tendr\u00e1 estabilidad si no se alcanza un acuerdo justo global basado en las resoluciones de la ONU"},"content":{"rendered":"<p>Nueva York-SANA<\/p>\n<p>El delegado permanente de Siria ante la Organizaci\u00f3n de las Naciones Unidas, Bashar Yaafari dijo que si la comunidad internacional desea evitar una guerra en Medio Oriente, poner fin al derramamiento de sangre, aumentar las oportunidades de paz en esta regi\u00f3n y luchar contra el terrorismo mediante una coalici\u00f3n internacional, la ONU debe trabajar con seriedad junto a los pa\u00edses patrocinadores del proceso de paz, para revivirlo.<\/p>\n<p>\u00a8Nuestra regi\u00f3n no gozar\u00e1 de estabilidad si no se alcanza un acuerdo justo y global basado en las resoluciones de las Naciones Unidas correspondientes al proceso de paz y la aplicaci\u00f3n del principio de \u00a8Tierra a cambio de la paz\u00a8,\u00a0 subray\u00f3 Yaafari, en una sesi\u00f3n dedicada a debatir la situaci\u00f3n actual en Oriente Medio.<br \/>\nDe igual modo el alto diplom\u00e1tico sirio afirm\u00f3 que Israel, durante la crisis siria, ha apoyado a los terroristas del frente Al-Nusra en la zona de la separaci\u00f3n de las fuerzas en el Gol\u00e1n y ha prestado atenci\u00f3n m\u00e9dica a los heridos de esta organizaci\u00f3n terrorista en sus hospitales, hecho que constituye una violaci\u00f3n del acuerdo de separaci\u00f3n de fuerzas\u00a0 del a\u00f1o 1974, adem\u00e1s de poner en peligro la vida de las fuerzas de la UNDOF y violar la tregua del a\u00f1o 1948.<\/p>\n<p>Yaafari agreg\u00f3 que la ONU debe asumir su responsabilidad en cuanto a la aplicaci\u00f3n de las resoluciones relacionadas con el conflicto arabo-israel\u00ed, sobre todo el establecimiento de un estado palestino independiente y soberano\u00a0 en base a las resoluciones n\u00famero 181 para el a\u00f1o 1947 y 273 para el a\u00f1o 1949.<\/p>\n<p>Yamil K.<\/p>\n","protected":false},"excerpt":{"rendered":"<p>Nueva York-SANA El delegado permanente de Siria ante la Organizaci\u00f3n de las Naciones Unidas, Bashar Yaafari dijo que si la comunidad internacional desea evitar una guerra en Medio Oriente, poner fin al derramamiento de sangre, aumentar las oportunidades de paz en esta regi\u00f3n y luchar contra el terrorismo mediante una coalici\u00f3n internacional, la ONU debe &hellip;<\/p>\n","protected":false},"author":1,"featured_media":27183,"comment_status":"closed","ping_status":"closed","sticky":false,"template":"","format":"standard","meta":{"footnotes":""},"categories":[456,457,576],"tags":[],"class_list":["post-27182","post","type-post","status-publish","format-standard","has-post-thumbnail","","category-arabe-internacional-politica","category-noticias-arabe-internacional-politica","category-noticias-politicas"],"_links":{"self":[{"href":"https:\/\/archive.sana.sy\/es\/index.php?rest_route=\/wp\/v2\/posts\/27182"}],"collection":[{"href":"https:\/\/archive.sana.sy\/es\/index.php?rest_route=\/wp\/v2\/posts"}],"about":[{"href":"https:\/\/archive.sana.sy\/es\/index.php?rest_route=\/wp\/v2\/types\/post"}],"author":[{"embeddable":true,"href":"https:\/\/archive.sana.sy\/es\/index.php?rest_route=\/wp\/v2\/users\/1"}],"replies":[{"embeddable":true,"href":"https:\/\/archive.sana.sy\/es\/index.php?rest_route=%2Fwp%2Fv2%2Fcomments&post=27182"}],"version-history":[{"count":0,"href":"https:\/\/archive.sana.sy\/es\/index.php?rest_route=\/wp\/v2\/posts\/27182\/revisions"}],"wp:featuredmedia":[{"embeddable":true,"href":"https:\/\/archive.sana.sy\/es\/index.php?rest_route=\/wp\/v2\/media\/27183"}],"wp:attachment":[{"href":"https:\/\/archive.sana.sy\/es\/index.php?rest_route=%2Fwp%2Fv2%2Fmedia&parent=27182"}],"wp:term":[{"taxonomy":"category","embeddable":true,"href":"https:\/\/archive.sana.sy\/es\/index.php?rest_route=%2Fwp%2Fv2%2Fcategories&post=27182"},{"taxonomy":"post_tag","embeddable":true,"href":"https:\/\/archive.sana.sy\/es\/index.php?rest_route=%2Fwp%2Fv2%2Ftags&post=27182"}],"curies":[{"name":"wp","href":"https:\/\/api.w.org\/{rel}","templated":true}]}}