{"id":27325,"date":"2015-07-26T16:44:24","date_gmt":"2015-07-26T13:44:24","guid":{"rendered":"http:\/\/sana.sy\/es\/?p=27325"},"modified":"2023-01-09T14:09:56","modified_gmt":"2023-01-09T12:09:56","slug":"un-martir-y-al-menos-10-heridos-en-ataques-terroristas-contra-un-pueblo-en-el-campo-de-quneitra","status":"publish","type":"post","link":"https:\/\/archive.sana.sy\/es\/?p=27325","title":{"rendered":"Un m\u00e1rtir y al menos 10 heridos en ataques terroristas contra un pueblo en el campo de Quneitra"},"content":{"rendered":"<p><span style=\"color: #800000\">Quneitra, SANA<\/span><\/p>\n<p>Un joven perdi\u00f3 la vida y 10 personas resultaron heridas en ataques terroristas con misiles contra el pueblo de Hadar en el campo de Quneitra.<\/p>\n<p>Una fuente en la provincia sure\u00f1a inform\u00f3 que terroristas del Frente de al-Nousra que se despliegan en las localidades de Yebbata al-Khashab y Tranja dispararon misiles contra el pueblo de Hadar en el campo noroeste de Quneitra, lo que caus\u00f3 la muerte de un joven y dej\u00f3 a 10 heridos, entre ellos un ni\u00f1o en un estado de salud cr\u00edtico.<\/p>\n<p>El atentado ocasion\u00f3 tambi\u00e9n da\u00f1os materiales en algunas casas en el lugar objeto, a\u00f1adi\u00f3 la fuente.<br \/>\nLynn A.<\/p>\n","protected":false},"excerpt":{"rendered":"<p>Quneitra, SANA Un joven perdi\u00f3 la vida y 10 personas resultaron heridas en ataques terroristas con misiles contra el pueblo de Hadar en el campo de Quneitra. Una fuente en la provincia sure\u00f1a inform\u00f3 que terroristas del Frente de al-Nousra que se despliegan en las localidades de Yebbata al-Khashab y Tranja dispararon misiles contra el &hellip;<\/p>\n","protected":false},"author":24,"featured_media":19243,"comment_status":"closed","ping_status":"closed","sticky":false,"template":"","format":"standard","meta":{"footnotes":""},"categories":[477,476],"tags":[6131],"class_list":["post-27325","post","type-post","status-publish","format-standard","has-post-thumbnail","","category-noticias-edulcorantes","category-locales","tag-un-martir-y-al-menos-10-heridos-en-ataques-terroristas-contra-un-pueblo-en-el-campo-de-quneitra"],"_links":{"self":[{"href":"https:\/\/archive.sana.sy\/es\/index.php?rest_route=\/wp\/v2\/posts\/27325"}],"collection":[{"href":"https:\/\/archive.sana.sy\/es\/index.php?rest_route=\/wp\/v2\/posts"}],"about":[{"href":"https:\/\/archive.sana.sy\/es\/index.php?rest_route=\/wp\/v2\/types\/post"}],"author":[{"embeddable":true,"href":"https:\/\/archive.sana.sy\/es\/index.php?rest_route=\/wp\/v2\/users\/24"}],"replies":[{"embeddable":true,"href":"https:\/\/archive.sana.sy\/es\/index.php?rest_route=%2Fwp%2Fv2%2Fcomments&post=27325"}],"version-history":[{"count":0,"href":"https:\/\/archive.sana.sy\/es\/index.php?rest_route=\/wp\/v2\/posts\/27325\/revisions"}],"wp:featuredmedia":[{"embeddable":true,"href":"https:\/\/archive.sana.sy\/es\/index.php?rest_route=\/wp\/v2\/media\/19243"}],"wp:attachment":[{"href":"https:\/\/archive.sana.sy\/es\/index.php?rest_route=%2Fwp%2Fv2%2Fmedia&parent=27325"}],"wp:term":[{"taxonomy":"category","embeddable":true,"href":"https:\/\/archive.sana.sy\/es\/index.php?rest_route=%2Fwp%2Fv2%2Fcategories&post=27325"},{"taxonomy":"post_tag","embeddable":true,"href":"https:\/\/archive.sana.sy\/es\/index.php?rest_route=%2Fwp%2Fv2%2Ftags&post=27325"}],"curies":[{"name":"wp","href":"https:\/\/api.w.org\/{rel}","templated":true}]}}