{"id":27335,"date":"2015-07-26T18:27:14","date_gmt":"2015-07-26T15:27:14","guid":{"rendered":"http:\/\/sana.sy\/es\/?p=27335"},"modified":"2015-07-26T18:27:14","modified_gmt":"2015-07-26T15:27:14","slug":"mueren-2-soldados-turcos-en-explosion-de-un-coche-bomba","status":"publish","type":"post","link":"https:\/\/archive.sana.sy\/es\/?p=27335","title":{"rendered":"Mueren 2 soldados turcos en explosi\u00f3n de un coche bomba"},"content":{"rendered":"<p>Ankara-SANA<\/p>\n<p>Dos soldados turcos perdieron la vida como consecuencia de la explosi\u00f3n de un coche bomba al paso de un convoy militar en la provincia de Diyarbakir, en el sureste de Turqu\u00eda.<\/p>\n<p>Un comunicado emitido por la oficina del gobernador se\u00f1al\u00f3 que un coche minado se estall\u00f3 en la noche de ayer s\u00e1bado, al paso de soldados turcos.<br \/>\nEl comunicado agreg\u00f3 que dos soldados perecieron y otros 4 resultaron heridos en el atentado, destacando que fue lanzado un operativo de b\u00fasqueda a gran escala para detener a los autores del ataque.<\/p>\n<p>Yamil K.<\/p>\n","protected":false},"excerpt":{"rendered":"<p>Ankara-SANA Dos soldados turcos perdieron la vida como consecuencia de la explosi\u00f3n de un coche bomba al paso de un convoy militar en la provincia de Diyarbakir, en el sureste de Turqu\u00eda. Un comunicado emitido por la oficina del gobernador se\u00f1al\u00f3 que un coche minado se estall\u00f3 en la noche de ayer s\u00e1bado, al paso &hellip;<\/p>\n","protected":false},"author":1,"featured_media":27336,"comment_status":"closed","ping_status":"closed","sticky":false,"template":"","format":"standard","meta":{"footnotes":""},"categories":[456,457,576],"tags":[],"class_list":["post-27335","post","type-post","status-publish","format-standard","has-post-thumbnail","","category-arabe-internacional-politica","category-noticias-arabe-internacional-politica","category-noticias-politicas"],"_links":{"self":[{"href":"https:\/\/archive.sana.sy\/es\/index.php?rest_route=\/wp\/v2\/posts\/27335"}],"collection":[{"href":"https:\/\/archive.sana.sy\/es\/index.php?rest_route=\/wp\/v2\/posts"}],"about":[{"href":"https:\/\/archive.sana.sy\/es\/index.php?rest_route=\/wp\/v2\/types\/post"}],"author":[{"embeddable":true,"href":"https:\/\/archive.sana.sy\/es\/index.php?rest_route=\/wp\/v2\/users\/1"}],"replies":[{"embeddable":true,"href":"https:\/\/archive.sana.sy\/es\/index.php?rest_route=%2Fwp%2Fv2%2Fcomments&post=27335"}],"version-history":[{"count":0,"href":"https:\/\/archive.sana.sy\/es\/index.php?rest_route=\/wp\/v2\/posts\/27335\/revisions"}],"wp:featuredmedia":[{"embeddable":true,"href":"https:\/\/archive.sana.sy\/es\/index.php?rest_route=\/wp\/v2\/media\/27336"}],"wp:attachment":[{"href":"https:\/\/archive.sana.sy\/es\/index.php?rest_route=%2Fwp%2Fv2%2Fmedia&parent=27335"}],"wp:term":[{"taxonomy":"category","embeddable":true,"href":"https:\/\/archive.sana.sy\/es\/index.php?rest_route=%2Fwp%2Fv2%2Fcategories&post=27335"},{"taxonomy":"post_tag","embeddable":true,"href":"https:\/\/archive.sana.sy\/es\/index.php?rest_route=%2Fwp%2Fv2%2Ftags&post=27335"}],"curies":[{"name":"wp","href":"https:\/\/api.w.org\/{rel}","templated":true}]}}