{"id":27338,"date":"2015-07-26T18:42:58","date_gmt":"2015-07-26T15:42:58","guid":{"rendered":"http:\/\/sana.sy\/es\/?p=27338"},"modified":"2015-07-26T18:42:58","modified_gmt":"2015-07-26T15:42:58","slug":"rohani-iran-apoya-a-todas-las-naciones-oprimidas-de-la-region","status":"publish","type":"post","link":"https:\/\/archive.sana.sy\/es\/?p=27338","title":{"rendered":"Rohani: Ir\u00e1n apoya a todas las naciones oprimidas de la regi\u00f3n"},"content":{"rendered":"<p>Teher\u00e1n-SANA<\/p>\n<p>El mandatario iran\u00ed Hassan Rohani hizo hincapi\u00e9 en que su pa\u00eds continuar\u00e1 prestando apoyo a los pueblos oprimidos que sufren de la agresi\u00f3n y del terrorismo en la regi\u00f3n.<\/p>\n<p>\u00a8Ir\u00e1n que apoya a los pueblos oprimidos, es capaz de erradicar al terrorismo en la regi\u00f3n, gracias a la unidad y la harmon\u00eda de todos los Estados de la zona\u00a8, destac\u00f3<\/p>\n<p>Durante un discurso pronunciado este domingo ante una masiva congregaci\u00f3n de los residentes de Sananday, Rohani ha afirmado que \u201cSi no fuera por el respaldo de la Rep\u00fablica Isl\u00e1mica de Ir\u00e1n a Irak, habr\u00edan ca\u00eddo en manos de terroristas varias zonas en Irak, a la vez que ha reiterado que el pa\u00eds p\u00e9rsico defender\u00e1 cualquier territorio que sufre de agresi\u00f3n y del terrorismo en la regi\u00f3n.<\/p>\n<p>Asimismo el presidente de Ir\u00e1n ha afirmado que las sanciones carecen de efecto y no constituyen una amenaza para el pueblo iran\u00ed, subrayando que el pueblo iran\u00ed ha obligado a las potencias mundiales a arrodillarse ante el pa\u00eds p\u00e9rsico.<\/p>\n<p>Yamil K.<\/p>\n","protected":false},"excerpt":{"rendered":"<p>Teher\u00e1n-SANA El mandatario iran\u00ed Hassan Rohani hizo hincapi\u00e9 en que su pa\u00eds continuar\u00e1 prestando apoyo a los pueblos oprimidos que sufren de la agresi\u00f3n y del terrorismo en la regi\u00f3n. \u00a8Ir\u00e1n que apoya a los pueblos oprimidos, es capaz de erradicar al terrorismo en la regi\u00f3n, gracias a la unidad y la harmon\u00eda de todos &hellip;<\/p>\n","protected":false},"author":1,"featured_media":27339,"comment_status":"closed","ping_status":"closed","sticky":false,"template":"","format":"standard","meta":{"footnotes":""},"categories":[456,457,576],"tags":[],"class_list":["post-27338","post","type-post","status-publish","format-standard","has-post-thumbnail","","category-arabe-internacional-politica","category-noticias-arabe-internacional-politica","category-noticias-politicas"],"_links":{"self":[{"href":"https:\/\/archive.sana.sy\/es\/index.php?rest_route=\/wp\/v2\/posts\/27338"}],"collection":[{"href":"https:\/\/archive.sana.sy\/es\/index.php?rest_route=\/wp\/v2\/posts"}],"about":[{"href":"https:\/\/archive.sana.sy\/es\/index.php?rest_route=\/wp\/v2\/types\/post"}],"author":[{"embeddable":true,"href":"https:\/\/archive.sana.sy\/es\/index.php?rest_route=\/wp\/v2\/users\/1"}],"replies":[{"embeddable":true,"href":"https:\/\/archive.sana.sy\/es\/index.php?rest_route=%2Fwp%2Fv2%2Fcomments&post=27338"}],"version-history":[{"count":0,"href":"https:\/\/archive.sana.sy\/es\/index.php?rest_route=\/wp\/v2\/posts\/27338\/revisions"}],"wp:featuredmedia":[{"embeddable":true,"href":"https:\/\/archive.sana.sy\/es\/index.php?rest_route=\/wp\/v2\/media\/27339"}],"wp:attachment":[{"href":"https:\/\/archive.sana.sy\/es\/index.php?rest_route=%2Fwp%2Fv2%2Fmedia&parent=27338"}],"wp:term":[{"taxonomy":"category","embeddable":true,"href":"https:\/\/archive.sana.sy\/es\/index.php?rest_route=%2Fwp%2Fv2%2Fcategories&post=27338"},{"taxonomy":"post_tag","embeddable":true,"href":"https:\/\/archive.sana.sy\/es\/index.php?rest_route=%2Fwp%2Fv2%2Ftags&post=27338"}],"curies":[{"name":"wp","href":"https:\/\/api.w.org\/{rel}","templated":true}]}}