{"id":27343,"date":"2015-07-26T19:28:18","date_gmt":"2015-07-26T16:28:18","guid":{"rendered":"http:\/\/sana.sy\/es\/?p=27343"},"modified":"2015-07-26T19:28:18","modified_gmt":"2015-07-26T16:28:18","slug":"ejercito-iraqui-libera-a-la-universidad-de-al-anbar-y-abate-a-decenas-de-elementos-del-eiil","status":"publish","type":"post","link":"https:\/\/archive.sana.sy\/es\/?p=27343","title":{"rendered":"Ej\u00e9rcito iraqu\u00ed libera a la universidad de Al-Anbar y abate a decenas de elementos del EIIL"},"content":{"rendered":"<p>Bagdad-SANA<\/p>\n<p>Las fuerzas de seguridad han logrado liberar por completo la universidad de Al-Anbar, de la organizaci\u00f3n terrorista DAESH, despu\u00e9s de duros enfrentamientos que terminaron con la muerte de decenas de elementos del EIIL y alzaron la bandera nacional sobre la sede de dicha instituci\u00f3n<\/p>\n<p>Asimismo, una fuente en la Polic\u00eda de Al-Anbar declar\u00f3 que las fuerzas de seguridad liberaron la colina de Masheideh y desmantelaron a 70 artefactos al este de Ramadi.<\/p>\n<p>En la provincia de Salahdino, una fuente de seguridad declar\u00f3 que las fuerzas de Multitudes Populares mataron al cabecilla de DAESH en las monta\u00f1as de Hamrin, el denominado Salmov de nacionalidad chechena, adem\u00e1s de abatir a cuatro de sus escoltas en un operativo que caus\u00f3 tambi\u00e9n la detenci\u00f3n de otros dos elementos de nacionalidades \u00e1rabes.<\/p>\n<p>Por otro lado una fuente en las operaciones de Bagdad anunci\u00f3 la detenci\u00f3n de 13 miembros del EIIL, entre ellos 7 portan la nacionalidad siria, al norte de la capital Bagdad.<\/p>\n<p>Yamil K.<\/p>\n","protected":false},"excerpt":{"rendered":"<p>Bagdad-SANA Las fuerzas de seguridad han logrado liberar por completo la universidad de Al-Anbar, de la organizaci\u00f3n terrorista DAESH, despu\u00e9s de duros enfrentamientos que terminaron con la muerte de decenas de elementos del EIIL y alzaron la bandera nacional sobre la sede de dicha instituci\u00f3n Asimismo, una fuente en la Polic\u00eda de Al-Anbar declar\u00f3 que &hellip;<\/p>\n","protected":false},"author":1,"featured_media":27344,"comment_status":"closed","ping_status":"closed","sticky":false,"template":"","format":"standard","meta":{"footnotes":""},"categories":[456,457,576],"tags":[],"class_list":["post-27343","post","type-post","status-publish","format-standard","has-post-thumbnail","","category-arabe-internacional-politica","category-noticias-arabe-internacional-politica","category-noticias-politicas"],"_links":{"self":[{"href":"https:\/\/archive.sana.sy\/es\/index.php?rest_route=\/wp\/v2\/posts\/27343"}],"collection":[{"href":"https:\/\/archive.sana.sy\/es\/index.php?rest_route=\/wp\/v2\/posts"}],"about":[{"href":"https:\/\/archive.sana.sy\/es\/index.php?rest_route=\/wp\/v2\/types\/post"}],"author":[{"embeddable":true,"href":"https:\/\/archive.sana.sy\/es\/index.php?rest_route=\/wp\/v2\/users\/1"}],"replies":[{"embeddable":true,"href":"https:\/\/archive.sana.sy\/es\/index.php?rest_route=%2Fwp%2Fv2%2Fcomments&post=27343"}],"version-history":[{"count":0,"href":"https:\/\/archive.sana.sy\/es\/index.php?rest_route=\/wp\/v2\/posts\/27343\/revisions"}],"wp:featuredmedia":[{"embeddable":true,"href":"https:\/\/archive.sana.sy\/es\/index.php?rest_route=\/wp\/v2\/media\/27344"}],"wp:attachment":[{"href":"https:\/\/archive.sana.sy\/es\/index.php?rest_route=%2Fwp%2Fv2%2Fmedia&parent=27343"}],"wp:term":[{"taxonomy":"category","embeddable":true,"href":"https:\/\/archive.sana.sy\/es\/index.php?rest_route=%2Fwp%2Fv2%2Fcategories&post=27343"},{"taxonomy":"post_tag","embeddable":true,"href":"https:\/\/archive.sana.sy\/es\/index.php?rest_route=%2Fwp%2Fv2%2Ftags&post=27343"}],"curies":[{"name":"wp","href":"https:\/\/api.w.org\/{rel}","templated":true}]}}