{"id":27409,"date":"2015-07-28T14:49:01","date_gmt":"2015-07-28T11:49:01","guid":{"rendered":"http:\/\/sana.sy\/es\/?p=27409"},"modified":"2015-07-28T14:49:01","modified_gmt":"2015-07-28T11:49:01","slug":"sana-organiza-una-exposicion-fotografica-con-motivo-del-dia-de-las-fuerzas-armadas","status":"publish","type":"post","link":"https:\/\/archive.sana.sy\/es\/?p=27409","title":{"rendered":"SANA organiza una exposici\u00f3n fotogr\u00e1fica con motivo del D\u00eda de las Fuerzas Armadas\u00a0"},"content":{"rendered":"<div><span lang=\"ES\" style=\"color: #ff0000\">Damasco, SANA<\/span><\/div>\n<div><\/div>\n<div><span lang=\"ES\">Con el motivo del septuag\u00e9simo \u00a0aniversario de la fundaci\u00f3n del Ej\u00e9rcito \u00c1rabe Sirio que se celebra en el primero de agosto de cada a\u00f1o, la Agencia \u00c1rabe Siria de Noticias SANA organiza una exposici\u00f3n de fotograf\u00edas en la biblioteca Nacional del al-Assad\u00a0bajo el lema: saludo al ej\u00e9rcito sirio en su d\u00eda&#8221;.<\/span><\/div>\n<div><\/div>\n<div><span lang=\"ES\">La exposici\u00f3n incluye la exhibici\u00f3n de m\u00e1s de 100 fotograf\u00edas\u00a0 que reflejan los sacrificios del ej\u00e9rcito sirio en su defensa a la patria, y im\u00e1genes de la unidad entre el ej\u00e9rcito nacional y el pueblo sirio.<\/span><\/div>\n<div><\/div>\n<div><span lang=\"ES\">Cabe mencionar que la exposici\u00f3n durar\u00e1 hasta el d\u00eda 6 del pr\u00f3ximo mes, y abre sus puertas \u00a0desde las 11:00 AM hasta las 16:00 horas.<\/span><\/div>\n<div><\/div>\n<div><span style=\"color: #00ccff\">Hala B., Fady M.<\/span><\/div>\n<div class=\"yj6qo ajU\">\n<div id=\":zh\" class=\"ajR\"><img decoding=\"async\" class=\"ajT\" src=\"https:\/\/ssl.gstatic.com\/ui\/v1\/icons\/mail\/images\/cleardot.gif\" alt=\"\" \/><\/div>\n<\/div>\n","protected":false},"excerpt":{"rendered":"<p>Damasco, SANA Con el motivo del septuag\u00e9simo \u00a0aniversario de la fundaci\u00f3n del Ej\u00e9rcito \u00c1rabe Sirio que se celebra en el primero de agosto de cada a\u00f1o, la Agencia \u00c1rabe Siria de Noticias SANA organiza una exposici\u00f3n de fotograf\u00edas en la biblioteca Nacional del al-Assad\u00a0bajo el lema: saludo al ej\u00e9rcito sirio en su d\u00eda&#8221;. La exposici\u00f3n &hellip;<\/p>\n","protected":false},"author":1,"featured_media":27410,"comment_status":"closed","ping_status":"closed","sticky":false,"template":"","format":"standard","meta":{"footnotes":""},"categories":[597,476],"tags":[6140],"class_list":["post-27409","post","type-post","status-publish","format-standard","has-post-thumbnail","","category-cinta-de-noticias","category-locales","tag-sana-organiza-una-exposicion-fotografica-con-motivo-del-dia-de-las-fuerzas-armadas"],"_links":{"self":[{"href":"https:\/\/archive.sana.sy\/es\/index.php?rest_route=\/wp\/v2\/posts\/27409"}],"collection":[{"href":"https:\/\/archive.sana.sy\/es\/index.php?rest_route=\/wp\/v2\/posts"}],"about":[{"href":"https:\/\/archive.sana.sy\/es\/index.php?rest_route=\/wp\/v2\/types\/post"}],"author":[{"embeddable":true,"href":"https:\/\/archive.sana.sy\/es\/index.php?rest_route=\/wp\/v2\/users\/1"}],"replies":[{"embeddable":true,"href":"https:\/\/archive.sana.sy\/es\/index.php?rest_route=%2Fwp%2Fv2%2Fcomments&post=27409"}],"version-history":[{"count":0,"href":"https:\/\/archive.sana.sy\/es\/index.php?rest_route=\/wp\/v2\/posts\/27409\/revisions"}],"wp:featuredmedia":[{"embeddable":true,"href":"https:\/\/archive.sana.sy\/es\/index.php?rest_route=\/wp\/v2\/media\/27410"}],"wp:attachment":[{"href":"https:\/\/archive.sana.sy\/es\/index.php?rest_route=%2Fwp%2Fv2%2Fmedia&parent=27409"}],"wp:term":[{"taxonomy":"category","embeddable":true,"href":"https:\/\/archive.sana.sy\/es\/index.php?rest_route=%2Fwp%2Fv2%2Fcategories&post=27409"},{"taxonomy":"post_tag","embeddable":true,"href":"https:\/\/archive.sana.sy\/es\/index.php?rest_route=%2Fwp%2Fv2%2Ftags&post=27409"}],"curies":[{"name":"wp","href":"https:\/\/api.w.org\/{rel}","templated":true}]}}