{"id":27422,"date":"2015-07-28T19:57:09","date_gmt":"2015-07-28T16:57:09","guid":{"rendered":"http:\/\/sana.sy\/es\/?p=27422"},"modified":"2015-08-05T16:27:28","modified_gmt":"2015-08-05T13:27:28","slug":"presidente-al-assad-se-reune-con-el-consejero-de-asuntos-de-seguridad-nacional-de-iraq","status":"publish","type":"post","link":"https:\/\/archive.sana.sy\/es\/?p=27422","title":{"rendered":"Presidente al-Assad se re\u00fane con el Consejero de Asuntos de Seguridad Nacional de Iraq"},"content":{"rendered":"<p><span style=\"color: #800000\">Damasco, SANA<\/span><\/p>\n<p>El presidente Bashar al-Assad recibi\u00f3 en la ma\u00f1ana\u00a0de este martes a Faleh Fayad, Consejero de Asuntos de Seguridad Nacional y enviado del primer ministro Iraqu\u00ed Haidar al-Ebadi.<\/p>\n<p>Durante la reuni\u00f3n se resalt\u00f3 que los pueblos sirio e iraqu\u00ed est\u00e1n librando la misma batalla contra el terrorismo y sus patrocinadores, y ambos se ven determinados a seguir la lucha contra las organizaciones terroristas hasta limpiar a los dos pa\u00edses de los terroristas.<\/p>\n<p>La reuni\u00f3n gir\u00f3 en torno a la cr\u00edtica situaci\u00f3n por la que atraviesa la regi\u00f3n a consecuencia de la escalada de la guerra terrorista, especialmente en Siria e Irak, as\u00ed como la necesidad de la continuaci\u00f3n y ampliaci\u00f3n de la cooperaci\u00f3n y coordinaci\u00f3n entre ambos pa\u00edses hermanos frente a las organizaciones terroristas que cometen los m\u00e1s horribles cr\u00edmenes contra sus pueblos saquean sus recursos.<\/p>\n<p>Cualquier avance o logro llevado a cabo en materia de la lucha contra el terrorismo en uno de los dos pa\u00edses se reflejar\u00e1 positivamente sobre el otro, acordaron ambas partes, haciendo hincapi\u00e9 en que el terrorismo no tiene ni patria ni religi\u00f3n y est\u00e1 destinado a debilitar a los pa\u00edses de la regi\u00f3n para fragmentarlos a mini estados a bases \u00e9tnica y confesional.<\/p>\n<p>El mandatario sirio y el alto funcionario iraqu\u00ed pusieron de relieve que la erradicaci\u00f3n del terrorismo requiere de un esfuerzo colectivo vinculante a nivel regional e internacional, el cual se basa en la cooperaci\u00f3n constructiva, el respeto de la soberan\u00eda de los Estados y los intereses de sus pueblos.<\/p>\n<p>La reuni\u00f3n cont\u00f3 con la presencia de Yadaan al-Dandah, embajador de Siria en Iraq.<\/p>\n<p>Lynn A.<\/p>\n","protected":false},"excerpt":{"rendered":"<p>Damasco, SANA El presidente Bashar al-Assad recibi\u00f3 en la ma\u00f1ana\u00a0de este martes a Faleh Fayad, Consejero de Asuntos de Seguridad Nacional y enviado del primer ministro Iraqu\u00ed Haidar al-Ebadi. Durante la reuni\u00f3n se resalt\u00f3 que los pueblos sirio e iraqu\u00ed est\u00e1n librando la misma batalla contra el terrorismo y sus patrocinadores, y ambos se ven &hellip;<\/p>\n","protected":false},"author":24,"featured_media":27423,"comment_status":"closed","ping_status":"closed","sticky":false,"template":"","format":"standard","meta":{"footnotes":""},"categories":[477,476,626],"tags":[6143],"class_list":["post-27422","post","type-post","status-publish","format-standard","has-post-thumbnail","","category-noticias-edulcorantes","category-locales","category-sr-presidente","tag-presidente-al-assad-se-reune-con-el-consejero-de-asuntos-de-seguridad-nacional-de-iraq"],"_links":{"self":[{"href":"https:\/\/archive.sana.sy\/es\/index.php?rest_route=\/wp\/v2\/posts\/27422"}],"collection":[{"href":"https:\/\/archive.sana.sy\/es\/index.php?rest_route=\/wp\/v2\/posts"}],"about":[{"href":"https:\/\/archive.sana.sy\/es\/index.php?rest_route=\/wp\/v2\/types\/post"}],"author":[{"embeddable":true,"href":"https:\/\/archive.sana.sy\/es\/index.php?rest_route=\/wp\/v2\/users\/24"}],"replies":[{"embeddable":true,"href":"https:\/\/archive.sana.sy\/es\/index.php?rest_route=%2Fwp%2Fv2%2Fcomments&post=27422"}],"version-history":[{"count":0,"href":"https:\/\/archive.sana.sy\/es\/index.php?rest_route=\/wp\/v2\/posts\/27422\/revisions"}],"wp:featuredmedia":[{"embeddable":true,"href":"https:\/\/archive.sana.sy\/es\/index.php?rest_route=\/wp\/v2\/media\/27423"}],"wp:attachment":[{"href":"https:\/\/archive.sana.sy\/es\/index.php?rest_route=%2Fwp%2Fv2%2Fmedia&parent=27422"}],"wp:term":[{"taxonomy":"category","embeddable":true,"href":"https:\/\/archive.sana.sy\/es\/index.php?rest_route=%2Fwp%2Fv2%2Fcategories&post=27422"},{"taxonomy":"post_tag","embeddable":true,"href":"https:\/\/archive.sana.sy\/es\/index.php?rest_route=%2Fwp%2Fv2%2Ftags&post=27422"}],"curies":[{"name":"wp","href":"https:\/\/api.w.org\/{rel}","templated":true}]}}