{"id":2746,"date":"2014-06-10T22:06:44","date_gmt":"2014-06-10T19:06:44","guid":{"rendered":"http:\/\/sanasyria.org\/es\/?p=2746"},"modified":"2014-06-10T22:06:44","modified_gmt":"2014-06-10T19:06:44","slug":"la-comunidad-siria-en-australia-celebra-la-victoria-del-presidente-al-assad-en-las-elecciones-presidenciales","status":"publish","type":"post","link":"https:\/\/archive.sana.sy\/es\/?p=2746","title":{"rendered":"La comunidad siria en Australia celebra la Victoria del presidente Al-Assad en las elecciones presidenciales"},"content":{"rendered":"<p><span style=\"color: #800000\">S\u00eddney-SANA<\/span><\/p>\n<p>En Australia, la comunidad siria celebr\u00f3 en varias ciudades la Victoria del presidente Bashar Al-Assad en las elecciones presidenciales.<\/p>\n<p>En la ciudad de Melbourne, los sirios se congregaron para expresar su alegr\u00eda y contento por la amplia participaci\u00f3n de millones de sirios en las elecciones presidenciales.<\/p>\n<p>Y en la ciudad de S\u00eddney, los sirios expresaron su amor por la patria a trav\u00e9s de las actividades y festivales que organizaron, izando banderas nacionales y gritando consignas de elogio a la Victoria del presidente Bashar Al-Assad.<\/p>\n<p>En estas celebraciones los sirios anunciaron el fracaso de la conspiraci\u00f3n y expresaron y su gran confianza en quien fue elegido por el pueblo sirio para dirigir al pa\u00eds y completar la Victoria.<\/p>\n<p><span style=\"color: #0000ff\">Yamil K.<\/span><\/p>\n","protected":false},"excerpt":{"rendered":"<p>S\u00eddney-SANA En Australia, la comunidad siria celebr\u00f3 en varias ciudades la Victoria del presidente Bashar Al-Assad en las elecciones presidenciales. En la ciudad de Melbourne, los sirios se congregaron para expresar su alegr\u00eda y contento por la amplia participaci\u00f3n de millones de sirios en las elecciones presidenciales. Y en la ciudad de S\u00eddney, los sirios &hellip;<\/p>\n","protected":false},"author":1,"featured_media":2747,"comment_status":"closed","ping_status":"closed","sticky":false,"template":"","format":"standard","meta":{"footnotes":""},"categories":[1],"tags":[609],"class_list":["post-2746","post","type-post","status-publish","format-standard","has-post-thumbnail","","category-news-not-sorted","tag-la-comunidad-siria-en-australia-celebra-la-victoria-del-presidente-al-assad-en-las-elecciones-presidenciales"],"_links":{"self":[{"href":"https:\/\/archive.sana.sy\/es\/index.php?rest_route=\/wp\/v2\/posts\/2746"}],"collection":[{"href":"https:\/\/archive.sana.sy\/es\/index.php?rest_route=\/wp\/v2\/posts"}],"about":[{"href":"https:\/\/archive.sana.sy\/es\/index.php?rest_route=\/wp\/v2\/types\/post"}],"author":[{"embeddable":true,"href":"https:\/\/archive.sana.sy\/es\/index.php?rest_route=\/wp\/v2\/users\/1"}],"replies":[{"embeddable":true,"href":"https:\/\/archive.sana.sy\/es\/index.php?rest_route=%2Fwp%2Fv2%2Fcomments&post=2746"}],"version-history":[{"count":0,"href":"https:\/\/archive.sana.sy\/es\/index.php?rest_route=\/wp\/v2\/posts\/2746\/revisions"}],"wp:featuredmedia":[{"embeddable":true,"href":"https:\/\/archive.sana.sy\/es\/index.php?rest_route=\/wp\/v2\/media\/2747"}],"wp:attachment":[{"href":"https:\/\/archive.sana.sy\/es\/index.php?rest_route=%2Fwp%2Fv2%2Fmedia&parent=2746"}],"wp:term":[{"taxonomy":"category","embeddable":true,"href":"https:\/\/archive.sana.sy\/es\/index.php?rest_route=%2Fwp%2Fv2%2Fcategories&post=2746"},{"taxonomy":"post_tag","embeddable":true,"href":"https:\/\/archive.sana.sy\/es\/index.php?rest_route=%2Fwp%2Fv2%2Ftags&post=2746"}],"curies":[{"name":"wp","href":"https:\/\/api.w.org\/{rel}","templated":true}]}}