{"id":27472,"date":"2015-07-29T15:17:40","date_gmt":"2015-07-29T12:17:40","guid":{"rendered":"http:\/\/sana.sy\/es\/?p=27472"},"modified":"2015-07-29T18:18:37","modified_gmt":"2015-07-29T15:18:37","slug":"rohani-llama-a-encontrar-soluciones-de-las-crisis-en-siria-yemen-y-el-libano","status":"publish","type":"post","link":"https:\/\/archive.sana.sy\/es\/?p=27472","title":{"rendered":"Rohani llama a encontrar soluciones de las crisis en Siria, Yemen y el L\u00edbano"},"content":{"rendered":"<p><span style=\"color: #800000\">Teher\u00e1n, SANA<\/span><\/p>\n<p>El presidente iran\u00ed, Hassan Rohani se reuni\u00f3 este mi\u00e9rcoles en Teher\u00e1n con el ministro de Exteriores franc\u00e9s, Laurent Fabius.<\/p>\n<p>Durante la reuni\u00f3n, el mandatario iran\u00ed hizo un llamado para encontrar soluciones adecuadas a las crisis que experimentan algunos pa\u00edses de la regi\u00f3n, especialmente Siria, Yemen y el L\u00edbano, manifestando la disposici\u00f3n de Ir\u00e1n de cooperar con los dem\u00e1s pa\u00edses para restaurar la seguridad en la regi\u00f3n, hacer frente al terrorismo y enviar la asistencia humanitaria.<\/p>\n<p>Asimismo se\u00f1al\u00f3 que la regi\u00f3n entera se beneficiar\u00e1 del acuerdo nuclear alcanzado por Ir\u00e1n y el grupo 5+1, enfatizando que las negociaciones nucleares han demostrado la posibilidad de convertir las diferencias en un acuerdo mediante el di\u00e1logo.<\/p>\n<p>Lynn A.<\/p>\n","protected":false},"excerpt":{"rendered":"<p>Teher\u00e1n, SANA El presidente iran\u00ed, Hassan Rohani se reuni\u00f3 este mi\u00e9rcoles en Teher\u00e1n con el ministro de Exteriores franc\u00e9s, Laurent Fabius. Durante la reuni\u00f3n, el mandatario iran\u00ed hizo un llamado para encontrar soluciones adecuadas a las crisis que experimentan algunos pa\u00edses de la regi\u00f3n, especialmente Siria, Yemen y el L\u00edbano, manifestando la disposici\u00f3n de Ir\u00e1n &hellip;<\/p>\n","protected":false},"author":24,"featured_media":27473,"comment_status":"closed","ping_status":"closed","sticky":false,"template":"","format":"standard","meta":{"footnotes":""},"categories":[456,457,576],"tags":[6155,6156],"class_list":["post-27472","post","type-post","status-publish","format-standard","has-post-thumbnail","","category-arabe-internacional-politica","category-noticias-arabe-internacional-politica","category-noticias-politicas","tag-rohani-llama-a-encontrar-soluciones-de-las-crisis-en-siria","tag-yemen-y-el-libano"],"_links":{"self":[{"href":"https:\/\/archive.sana.sy\/es\/index.php?rest_route=\/wp\/v2\/posts\/27472"}],"collection":[{"href":"https:\/\/archive.sana.sy\/es\/index.php?rest_route=\/wp\/v2\/posts"}],"about":[{"href":"https:\/\/archive.sana.sy\/es\/index.php?rest_route=\/wp\/v2\/types\/post"}],"author":[{"embeddable":true,"href":"https:\/\/archive.sana.sy\/es\/index.php?rest_route=\/wp\/v2\/users\/24"}],"replies":[{"embeddable":true,"href":"https:\/\/archive.sana.sy\/es\/index.php?rest_route=%2Fwp%2Fv2%2Fcomments&post=27472"}],"version-history":[{"count":0,"href":"https:\/\/archive.sana.sy\/es\/index.php?rest_route=\/wp\/v2\/posts\/27472\/revisions"}],"wp:featuredmedia":[{"embeddable":true,"href":"https:\/\/archive.sana.sy\/es\/index.php?rest_route=\/wp\/v2\/media\/27473"}],"wp:attachment":[{"href":"https:\/\/archive.sana.sy\/es\/index.php?rest_route=%2Fwp%2Fv2%2Fmedia&parent=27472"}],"wp:term":[{"taxonomy":"category","embeddable":true,"href":"https:\/\/archive.sana.sy\/es\/index.php?rest_route=%2Fwp%2Fv2%2Fcategories&post=27472"},{"taxonomy":"post_tag","embeddable":true,"href":"https:\/\/archive.sana.sy\/es\/index.php?rest_route=%2Fwp%2Fv2%2Ftags&post=27472"}],"curies":[{"name":"wp","href":"https:\/\/api.w.org\/{rel}","templated":true}]}}