{"id":2749,"date":"2014-06-10T22:12:13","date_gmt":"2014-06-10T19:12:13","guid":{"rendered":"http:\/\/sanasyria.org\/es\/?p=2749"},"modified":"2014-06-10T22:12:13","modified_gmt":"2014-06-10T19:12:13","slug":"miembros-de-la-colectividad-siria-en-francia-celebran-la-victoria-electoral-del-presidente-bashar-al-assad","status":"publish","type":"post","link":"https:\/\/archive.sana.sy\/es\/?p=2749","title":{"rendered":"Miembros de la colectividad siria en Francia celebran la victoria electoral del presidente Bashar Al Assad"},"content":{"rendered":"<p><span style=\"color: #800000\">Paris,SANA.<\/span><\/p>\n<p>Los sirios en Francia realizaron una celebraci\u00f3n en la plaza de Guver en la capital francesa Par\u00eds para festejar la victoria electoral del presidente Bashar Al Assad despu\u00e9s de tres a\u00f1os de lucha contra el terrorismo y la protecci\u00f3n del orgullo del pueblo sirio.<br \/>\nLos miembros de la colectividad afirmaron su apoyo a su liderazgo y su ej\u00e9rcito hasta alcanzar la victoria final sobre el terrorismo, haciendo hincapi\u00e9 en que las elecciones mostraron bien la conciencia del pueblo sirio que enfrent\u00f3 a los grupos terroristas takfiristas y su amenaza a Siria, la regi\u00f3n y el mundo, y comprob\u00f3 el triunfo de su voluntad y derecho a la autodeterminaci\u00f3n.<\/p>\n<p>Asimismo los integrantes de la comunidad siria en Bulgaria se concentraron frente a la embajada siria en Sof\u00eda, manifestando su alegr\u00eda por la victoria electoral del presidente Bashar Al-Assad.<\/p>\n<p>Mientras en Alemania, el comit\u00e9 de solidaridad con Siria, ha organizado un acto festivo donde izaron la bandera de Siria y retratos del presidente Bashar Al-Assad.<\/p>\n<p>El escenario se repite en Holanda, donde los sirios consideraron esta victoria como un triunfo de su voluntad inquebrantable y su firmeza de cara al terrorismo.<\/p>\n","protected":false},"excerpt":{"rendered":"<p>Paris,SANA. Los sirios en Francia realizaron una celebraci\u00f3n en la plaza de Guver en la capital francesa Par\u00eds para festejar la victoria electoral del presidente Bashar Al Assad despu\u00e9s de tres a\u00f1os de lucha contra el terrorismo y la protecci\u00f3n del orgullo del pueblo sirio. Los miembros de la colectividad afirmaron su apoyo a su &hellip;<\/p>\n","protected":false},"author":1,"featured_media":2750,"comment_status":"closed","ping_status":"closed","sticky":false,"template":"","format":"standard","meta":{"footnotes":""},"categories":[597],"tags":[610],"class_list":["post-2749","post","type-post","status-publish","format-standard","has-post-thumbnail","","category-cinta-de-noticias","tag-miembros-de-la-colectividad-siria-en-francia-celebran-la-victoria-electoral-del-presidente-bashar-al-assad"],"_links":{"self":[{"href":"https:\/\/archive.sana.sy\/es\/index.php?rest_route=\/wp\/v2\/posts\/2749"}],"collection":[{"href":"https:\/\/archive.sana.sy\/es\/index.php?rest_route=\/wp\/v2\/posts"}],"about":[{"href":"https:\/\/archive.sana.sy\/es\/index.php?rest_route=\/wp\/v2\/types\/post"}],"author":[{"embeddable":true,"href":"https:\/\/archive.sana.sy\/es\/index.php?rest_route=\/wp\/v2\/users\/1"}],"replies":[{"embeddable":true,"href":"https:\/\/archive.sana.sy\/es\/index.php?rest_route=%2Fwp%2Fv2%2Fcomments&post=2749"}],"version-history":[{"count":0,"href":"https:\/\/archive.sana.sy\/es\/index.php?rest_route=\/wp\/v2\/posts\/2749\/revisions"}],"wp:featuredmedia":[{"embeddable":true,"href":"https:\/\/archive.sana.sy\/es\/index.php?rest_route=\/wp\/v2\/media\/2750"}],"wp:attachment":[{"href":"https:\/\/archive.sana.sy\/es\/index.php?rest_route=%2Fwp%2Fv2%2Fmedia&parent=2749"}],"wp:term":[{"taxonomy":"category","embeddable":true,"href":"https:\/\/archive.sana.sy\/es\/index.php?rest_route=%2Fwp%2Fv2%2Fcategories&post=2749"},{"taxonomy":"post_tag","embeddable":true,"href":"https:\/\/archive.sana.sy\/es\/index.php?rest_route=%2Fwp%2Fv2%2Ftags&post=2749"}],"curies":[{"name":"wp","href":"https:\/\/api.w.org\/{rel}","templated":true}]}}