{"id":27521,"date":"2015-07-30T18:26:54","date_gmt":"2015-07-30T15:26:54","guid":{"rendered":"http:\/\/sana.sy\/es\/?p=27521"},"modified":"2015-07-30T18:26:54","modified_gmt":"2015-07-30T15:26:54","slug":"ministra-de-asuntos-sociales-visita-puntos-de-control-del-ejercito-en-zabadani","status":"publish","type":"post","link":"https:\/\/archive.sana.sy\/es\/?p=27521","title":{"rendered":"Ministra de Asuntos Sociales visita puntos de control del ej\u00e9rcito en Zabadani"},"content":{"rendered":"<p><span style=\"color: #800000\">Damasco, SANA<\/span><\/p>\n<p>Con motivo del 70 aniversario de la creaci\u00f3n del Ej\u00e9rcito \u00c1rabe Sirio, la ministra de Asuntos Sociales, Kinda al-Shammat acompa\u00f1ada por un grupo de mujeres, visit\u00f3 varios puntos de control del ej\u00e9rcito en el \u00e1rea de Zabadani.<\/p>\n<p>En declaraciones a SANA, la ministra al-Shammat expres\u00f3 su alto aprecio a los h\u00e9roes del ej\u00e9rcito sirio quienes decidieron librar la guerra contra el terrorismo hasta que Siria cante victoria.<\/p>\n<p>Por su parte, los soldados sirios expresaron su satisfacci\u00f3n por la visita d la ministra, manifestando su alta disposici\u00f3n de sacrificar sus vidas para preservar la dignidad de la patria.<br \/>\nLynn A.<\/p>\n","protected":false},"excerpt":{"rendered":"<p>Damasco, SANA Con motivo del 70 aniversario de la creaci\u00f3n del Ej\u00e9rcito \u00c1rabe Sirio, la ministra de Asuntos Sociales, Kinda al-Shammat acompa\u00f1ada por un grupo de mujeres, visit\u00f3 varios puntos de control del ej\u00e9rcito en el \u00e1rea de Zabadani. En declaraciones a SANA, la ministra al-Shammat expres\u00f3 su alto aprecio a los h\u00e9roes del ej\u00e9rcito &hellip;<\/p>\n","protected":false},"author":24,"featured_media":27523,"comment_status":"closed","ping_status":"closed","sticky":false,"template":"","format":"standard","meta":{"footnotes":""},"categories":[477,476],"tags":[6166],"class_list":["post-27521","post","type-post","status-publish","format-standard","has-post-thumbnail","","category-noticias-edulcorantes","category-locales","tag-ministra-de-asuntos-sociales-visita-puntos-de-control-del-ejercito-en-zabadani"],"_links":{"self":[{"href":"https:\/\/archive.sana.sy\/es\/index.php?rest_route=\/wp\/v2\/posts\/27521"}],"collection":[{"href":"https:\/\/archive.sana.sy\/es\/index.php?rest_route=\/wp\/v2\/posts"}],"about":[{"href":"https:\/\/archive.sana.sy\/es\/index.php?rest_route=\/wp\/v2\/types\/post"}],"author":[{"embeddable":true,"href":"https:\/\/archive.sana.sy\/es\/index.php?rest_route=\/wp\/v2\/users\/24"}],"replies":[{"embeddable":true,"href":"https:\/\/archive.sana.sy\/es\/index.php?rest_route=%2Fwp%2Fv2%2Fcomments&post=27521"}],"version-history":[{"count":0,"href":"https:\/\/archive.sana.sy\/es\/index.php?rest_route=\/wp\/v2\/posts\/27521\/revisions"}],"wp:featuredmedia":[{"embeddable":true,"href":"https:\/\/archive.sana.sy\/es\/index.php?rest_route=\/wp\/v2\/media\/27523"}],"wp:attachment":[{"href":"https:\/\/archive.sana.sy\/es\/index.php?rest_route=%2Fwp%2Fv2%2Fmedia&parent=27521"}],"wp:term":[{"taxonomy":"category","embeddable":true,"href":"https:\/\/archive.sana.sy\/es\/index.php?rest_route=%2Fwp%2Fv2%2Fcategories&post=27521"},{"taxonomy":"post_tag","embeddable":true,"href":"https:\/\/archive.sana.sy\/es\/index.php?rest_route=%2Fwp%2Fv2%2Ftags&post=27521"}],"curies":[{"name":"wp","href":"https:\/\/api.w.org\/{rel}","templated":true}]}}