{"id":27572,"date":"2015-08-01T17:39:44","date_gmt":"2015-08-01T14:39:44","guid":{"rendered":"http:\/\/sana.sy\/es\/?p=27572"},"modified":"2015-08-05T15:38:48","modified_gmt":"2015-08-05T12:38:48","slug":"al-assad-dirige-un-mensaje-a-las-fuerzas-armadas-con-ocasion-del-70-aniversario-de-la-fundacion-del-ejercito-nacional","status":"publish","type":"post","link":"https:\/\/archive.sana.sy\/es\/?p=27572","title":{"rendered":"Al-Assad dirige un mensaje a las Fuerzas Armadas con ocasi\u00f3n del 70 aniversario de la fundaci\u00f3n del Ej\u00e9rcito nacional"},"content":{"rendered":"<p>Damasco-SANA<\/p>\n<p>El presidente Bashar al-Assad, comandante en jefe del Ej\u00e9rcito y las Fuerzas Armadas dirigi\u00f3 ayer una palabra, a trav\u00e9s de la revista Jaish Al-Shaab, a los militares con ocasi\u00f3n del 70 aniversario de la fundaci\u00f3n del ej\u00e9rcito sirio en la que expres\u00f3:<\/p>\n<p>Hermanos en las Fuerzas Armadas les saludo en el D\u00eda del Ej\u00e9rcito en que recordamos d\u00edas gloriosos de la historia de Siria\u2026 esas haza\u00f1as pasadas siguen latentes en nuestra memoria y son fuente de inspiraci\u00f3n en el presente.<\/p>\n<p>\u201cHoy continu\u00e1is la marcha de redenci\u00f3n comenzada hace cuatro a\u00f1os en aras de guarnecer las fronteras de la patria\u201d, a\u00f1adi\u00f3.<\/p>\n<p>\u201cTama\u00f1os desaf\u00edos ha impuesto la agresi\u00f3n terrorista pero vosotros hab\u00e9is estado al nivel de los desaf\u00edos y dado lecciones ejemplares de heroicidad y sacrificio\u201d puntualiz\u00f3.<\/p>\n<p>El presidente agreg\u00f3: \u201cvosotros encarnan un ejemplo a seguir en la defensa de la patria y del pueblo asentado sobre tanta historia y civilizaci\u00f3n que lo inspiran a trazar su futuro despreocupado por las campa\u00f1as de sedici\u00f3n\u201d.<\/p>\n<p>\u201cHermanos combatientes la historia del ej\u00e9rcito es una historia de lucha por la dignidad de la patria por tanto se\u00e1is dignos de la confianza y la esperanza depuesta en vosotros\u201d, subray\u00f3.<\/p>\n<p>El presidente concluy\u00f3 su palabra diciendo: \u201cles saludo nuevamente en el D\u00eda del Ej\u00e9rcito y valoro altamente sus sacrificios por la restauraci\u00f3n de la paz y la seguridad en el suelo patrio.<\/p>\n<p>&nbsp;<\/p>\n<p>Riyad Sh.-Y.K.<\/p>\n","protected":false},"excerpt":{"rendered":"<p>Damasco-SANA El presidente Bashar al-Assad, comandante en jefe del Ej\u00e9rcito y las Fuerzas Armadas dirigi\u00f3 ayer una palabra, a trav\u00e9s de la revista Jaish Al-Shaab, a los militares con ocasi\u00f3n del 70 aniversario de la fundaci\u00f3n del ej\u00e9rcito sirio en la que expres\u00f3: Hermanos en las Fuerzas Armadas les saludo en el D\u00eda del Ej\u00e9rcito &hellip;<\/p>\n","protected":false},"author":1,"featured_media":27573,"comment_status":"closed","ping_status":"closed","sticky":false,"template":"","format":"standard","meta":{"footnotes":""},"categories":[477,476,626],"tags":[],"class_list":["post-27572","post","type-post","status-publish","format-standard","has-post-thumbnail","","category-noticias-edulcorantes","category-locales","category-sr-presidente"],"_links":{"self":[{"href":"https:\/\/archive.sana.sy\/es\/index.php?rest_route=\/wp\/v2\/posts\/27572"}],"collection":[{"href":"https:\/\/archive.sana.sy\/es\/index.php?rest_route=\/wp\/v2\/posts"}],"about":[{"href":"https:\/\/archive.sana.sy\/es\/index.php?rest_route=\/wp\/v2\/types\/post"}],"author":[{"embeddable":true,"href":"https:\/\/archive.sana.sy\/es\/index.php?rest_route=\/wp\/v2\/users\/1"}],"replies":[{"embeddable":true,"href":"https:\/\/archive.sana.sy\/es\/index.php?rest_route=%2Fwp%2Fv2%2Fcomments&post=27572"}],"version-history":[{"count":0,"href":"https:\/\/archive.sana.sy\/es\/index.php?rest_route=\/wp\/v2\/posts\/27572\/revisions"}],"wp:featuredmedia":[{"embeddable":true,"href":"https:\/\/archive.sana.sy\/es\/index.php?rest_route=\/wp\/v2\/media\/27573"}],"wp:attachment":[{"href":"https:\/\/archive.sana.sy\/es\/index.php?rest_route=%2Fwp%2Fv2%2Fmedia&parent=27572"}],"wp:term":[{"taxonomy":"category","embeddable":true,"href":"https:\/\/archive.sana.sy\/es\/index.php?rest_route=%2Fwp%2Fv2%2Fcategories&post=27572"},{"taxonomy":"post_tag","embeddable":true,"href":"https:\/\/archive.sana.sy\/es\/index.php?rest_route=%2Fwp%2Fv2%2Ftags&post=27572"}],"curies":[{"name":"wp","href":"https:\/\/api.w.org\/{rel}","templated":true}]}}