{"id":27583,"date":"2015-08-01T17:20:28","date_gmt":"2015-08-01T14:20:28","guid":{"rendered":"http:\/\/sana.sy\/es\/?p=27583"},"modified":"2015-08-01T17:26:11","modified_gmt":"2015-08-01T14:26:11","slug":"inaugurada-exposicion-fotografica-organizada-por-sana-con-motivo-del-dia-nacional-del-ejercito-arabe-sirio","status":"publish","type":"post","link":"https:\/\/archive.sana.sy\/es\/?p=27583","title":{"rendered":"Inaugurada exposici\u00f3n fotogr\u00e1fica organizada por SANA con motivo del D\u00eda Nacional del Ej\u00e9rcito \u00c1rabe Sirio"},"content":{"rendered":"<p><span style=\"color: #800000\">Damasco, SANA<\/span><\/p>\n<p>Con motivo del 70 aniversario de la creaci\u00f3n del Ej\u00e9rcito \u00c1rabe Sirio el ministro de Informaci\u00f3n, Omran al-Zoabi ha inaugurado este s\u00e1bado las actividades de la exposici\u00f3n fotogr\u00e1fica organizada por la Agencia \u00c1rabe Siria de Noticias SANA bajo el t\u00edtulo \u201cun Saludo a los Protectores de la Patria en su D\u00eda\u201d en la biblioteca nacional de al-Assad en Damasco.<\/p>\n<p>Durante\u00a0el evento se homenajearon unos 50 heridos del ej\u00e9rcito, as\u00ed como se lanz\u00f3 un cortometraje de 15 minutos que proyecta escenas reales de la valent\u00eda de los soldados sirios en el campo de la batalla contra los terroristas.<\/p>\n<p>En la exposici\u00f3n se exhiben m\u00e1s de 100 fotograf\u00edas que demuestran la heroicidad de los soldados sirios e im\u00e1genes de la adhesi\u00f3n del ej\u00e9rcito sirio con el pueblo sirio.<\/p>\n<p>En una palabra pronunciada en la ceremonia de inauguraci\u00f3n, el director general de la agencia SANA, Ahmad al-Dawa se\u00f1al\u00f3 que la exposici\u00f3n demuestra la adhesi\u00f3n de la informaci\u00f3n nacional al Ej\u00e9rcito sirio, la complementariedad del papel de ambas partes, as\u00ed como la amplia cobertura de los medios de informaci\u00f3n a las haza\u00f1as de los soldados sirios.<\/p>\n<p>\u201cLa exposici\u00f3n se trata de un mensaje de lealtad dirigida de la agencia SANA a los h\u00e9roes del ej\u00e9rcito, as\u00ed como un mensaje de esperanza en una victoria que se lograr\u00e1 gracias a sus sacrificios y la resistencia del pueblo sirio\u201d, asever\u00f3.<\/p>\n<p>La exposici\u00f3n durar\u00e1 hasta el seis del mes en curso y se desarrollar\u00e1 desde el 9:00 am hasta el 4:00 pm.<\/p>\n<p>&nbsp;<\/p>\n<div id='gallery-1' class='gallery galleryid-27583 gallery-columns-3 gallery-size-thumbnail'><figure class='gallery-item'>\n\t\t\t<div class='gallery-icon landscape'>\n\t\t\t\t<a href='https:\/\/archive.sana.sy\/es\/wp-content\/uploads\/2015\/08\/exposicion-de-fotos-6.jpg'><img loading=\"lazy\" decoding=\"async\" width=\"150\" height=\"92\" src=\"https:\/\/archive.sana.sy\/es\/wp-content\/uploads\/2015\/08\/exposicion-de-fotos-6-150x92.jpg\" class=\"attachment-thumbnail size-thumbnail\" alt=\"\" srcset=\"https:\/\/archive.sana.sy\/es\/wp-content\/uploads\/2015\/08\/exposicion-de-fotos-6-150x92.jpg 150w, https:\/\/archive.sana.sy\/es\/wp-content\/uploads\/2015\/08\/exposicion-de-fotos-6-300x184.jpg 300w, https:\/\/archive.sana.sy\/es\/wp-content\/uploads\/2015\/08\/exposicion-de-fotos-6-1024x629.jpg 1024w\" sizes=\"(max-width: 150px) 100vw, 150px\" \/><\/a>\n\t\t\t<\/div><\/figure><figure class='gallery-item'>\n\t\t\t<div class='gallery-icon landscape'>\n\t\t\t\t<a href='https:\/\/archive.sana.sy\/es\/wp-content\/uploads\/2015\/08\/exposicion-de-fotos-7.jpg'><img loading=\"lazy\" decoding=\"async\" width=\"150\" height=\"91\" src=\"https:\/\/archive.sana.sy\/es\/wp-content\/uploads\/2015\/08\/exposicion-de-fotos-7-150x91.jpg\" class=\"attachment-thumbnail size-thumbnail\" alt=\"\" srcset=\"https:\/\/archive.sana.sy\/es\/wp-content\/uploads\/2015\/08\/exposicion-de-fotos-7-150x91.jpg 150w, https:\/\/archive.sana.sy\/es\/wp-content\/uploads\/2015\/08\/exposicion-de-fotos-7-300x182.jpg 300w, https:\/\/archive.sana.sy\/es\/wp-content\/uploads\/2015\/08\/exposicion-de-fotos-7-1024x621.jpg 1024w\" sizes=\"(max-width: 150px) 100vw, 150px\" \/><\/a>\n\t\t\t<\/div><\/figure><figure class='gallery-item'>\n\t\t\t<div class='gallery-icon landscape'>\n\t\t\t\t<a href='https:\/\/archive.sana.sy\/es\/wp-content\/uploads\/2015\/08\/exposicion-de-fotos-8.jpg'><img loading=\"lazy\" decoding=\"async\" width=\"150\" height=\"90\" src=\"https:\/\/archive.sana.sy\/es\/wp-content\/uploads\/2015\/08\/exposicion-de-fotos-8-150x90.jpg\" class=\"attachment-thumbnail size-thumbnail\" alt=\"\" srcset=\"https:\/\/archive.sana.sy\/es\/wp-content\/uploads\/2015\/08\/exposicion-de-fotos-8-150x90.jpg 150w, https:\/\/archive.sana.sy\/es\/wp-content\/uploads\/2015\/08\/exposicion-de-fotos-8-300x180.jpg 300w, https:\/\/archive.sana.sy\/es\/wp-content\/uploads\/2015\/08\/exposicion-de-fotos-8-1024x616.jpg 1024w\" sizes=\"(max-width: 150px) 100vw, 150px\" \/><\/a>\n\t\t\t<\/div><\/figure><figure class='gallery-item'>\n\t\t\t<div class='gallery-icon landscape'>\n\t\t\t\t<a href='https:\/\/archive.sana.sy\/es\/wp-content\/uploads\/2015\/08\/exposicion-de-fotos-9.jpg'><img loading=\"lazy\" decoding=\"async\" width=\"150\" height=\"100\" src=\"https:\/\/archive.sana.sy\/es\/wp-content\/uploads\/2015\/08\/exposicion-de-fotos-9-150x100.jpg\" class=\"attachment-thumbnail size-thumbnail\" alt=\"\" srcset=\"https:\/\/archive.sana.sy\/es\/wp-content\/uploads\/2015\/08\/exposicion-de-fotos-9-150x100.jpg 150w, https:\/\/archive.sana.sy\/es\/wp-content\/uploads\/2015\/08\/exposicion-de-fotos-9-300x199.jpg 300w, https:\/\/archive.sana.sy\/es\/wp-content\/uploads\/2015\/08\/exposicion-de-fotos-9-1024x679.jpg 1024w\" sizes=\"(max-width: 150px) 100vw, 150px\" \/><\/a>\n\t\t\t<\/div><\/figure><figure class='gallery-item'>\n\t\t\t<div class='gallery-icon landscape'>\n\t\t\t\t<a href='https:\/\/archive.sana.sy\/es\/wp-content\/uploads\/2015\/08\/exposicion-de-fotos-5.jpg'><img loading=\"lazy\" decoding=\"async\" width=\"150\" height=\"99\" src=\"https:\/\/archive.sana.sy\/es\/wp-content\/uploads\/2015\/08\/exposicion-de-fotos-5-150x99.jpg\" class=\"attachment-thumbnail size-thumbnail\" alt=\"\" srcset=\"https:\/\/archive.sana.sy\/es\/wp-content\/uploads\/2015\/08\/exposicion-de-fotos-5-150x99.jpg 150w, https:\/\/archive.sana.sy\/es\/wp-content\/uploads\/2015\/08\/exposicion-de-fotos-5-300x198.jpg 300w, https:\/\/archive.sana.sy\/es\/wp-content\/uploads\/2015\/08\/exposicion-de-fotos-5-1024x677.jpg 1024w\" sizes=\"(max-width: 150px) 100vw, 150px\" \/><\/a>\n\t\t\t<\/div><\/figure><figure class='gallery-item'>\n\t\t\t<div class='gallery-icon landscape'>\n\t\t\t\t<a href='https:\/\/archive.sana.sy\/es\/wp-content\/uploads\/2015\/08\/exposicion-de-fotos-2.jpg'><img loading=\"lazy\" decoding=\"async\" width=\"150\" height=\"91\" src=\"https:\/\/archive.sana.sy\/es\/wp-content\/uploads\/2015\/08\/exposicion-de-fotos-2-150x91.jpg\" class=\"attachment-thumbnail size-thumbnail\" alt=\"\" srcset=\"https:\/\/archive.sana.sy\/es\/wp-content\/uploads\/2015\/08\/exposicion-de-fotos-2-150x91.jpg 150w, https:\/\/archive.sana.sy\/es\/wp-content\/uploads\/2015\/08\/exposicion-de-fotos-2-300x182.jpg 300w, https:\/\/archive.sana.sy\/es\/wp-content\/uploads\/2015\/08\/exposicion-de-fotos-2-1024x620.jpg 1024w\" sizes=\"(max-width: 150px) 100vw, 150px\" \/><\/a>\n\t\t\t<\/div><\/figure><figure class='gallery-item'>\n\t\t\t<div class='gallery-icon landscape'>\n\t\t\t\t<a href='https:\/\/archive.sana.sy\/es\/wp-content\/uploads\/2015\/08\/exposicion-de-fotos-3.jpg'><img loading=\"lazy\" decoding=\"async\" width=\"150\" height=\"86\" src=\"https:\/\/archive.sana.sy\/es\/wp-content\/uploads\/2015\/08\/exposicion-de-fotos-3-150x86.jpg\" class=\"attachment-thumbnail size-thumbnail\" alt=\"\" srcset=\"https:\/\/archive.sana.sy\/es\/wp-content\/uploads\/2015\/08\/exposicion-de-fotos-3-150x86.jpg 150w, https:\/\/archive.sana.sy\/es\/wp-content\/uploads\/2015\/08\/exposicion-de-fotos-3-300x173.jpg 300w, https:\/\/archive.sana.sy\/es\/wp-content\/uploads\/2015\/08\/exposicion-de-fotos-3-1024x590.jpg 1024w\" sizes=\"(max-width: 150px) 100vw, 150px\" \/><\/a>\n\t\t\t<\/div><\/figure><figure class='gallery-item'>\n\t\t\t<div class='gallery-icon landscape'>\n\t\t\t\t<a href='https:\/\/archive.sana.sy\/es\/wp-content\/uploads\/2015\/08\/exposicion-de-fotos-12.jpg'><img loading=\"lazy\" decoding=\"async\" width=\"150\" height=\"94\" src=\"https:\/\/archive.sana.sy\/es\/wp-content\/uploads\/2015\/08\/exposicion-de-fotos-12-150x94.jpg\" class=\"attachment-thumbnail size-thumbnail\" alt=\"\" srcset=\"https:\/\/archive.sana.sy\/es\/wp-content\/uploads\/2015\/08\/exposicion-de-fotos-12-150x94.jpg 150w, https:\/\/archive.sana.sy\/es\/wp-content\/uploads\/2015\/08\/exposicion-de-fotos-12-300x187.jpg 300w, https:\/\/archive.sana.sy\/es\/wp-content\/uploads\/2015\/08\/exposicion-de-fotos-12-1024x639.jpg 1024w\" sizes=\"(max-width: 150px) 100vw, 150px\" \/><\/a>\n\t\t\t<\/div><\/figure><figure class='gallery-item'>\n\t\t\t<div class='gallery-icon landscape'>\n\t\t\t\t<a href='https:\/\/archive.sana.sy\/es\/wp-content\/uploads\/2015\/08\/exposicion-de-fotos-11.jpg'><img loading=\"lazy\" decoding=\"async\" width=\"150\" height=\"89\" src=\"https:\/\/archive.sana.sy\/es\/wp-content\/uploads\/2015\/08\/exposicion-de-fotos-11-150x89.jpg\" class=\"attachment-thumbnail size-thumbnail\" alt=\"\" srcset=\"https:\/\/archive.sana.sy\/es\/wp-content\/uploads\/2015\/08\/exposicion-de-fotos-11-150x89.jpg 150w, https:\/\/archive.sana.sy\/es\/wp-content\/uploads\/2015\/08\/exposicion-de-fotos-11-300x178.jpg 300w, https:\/\/archive.sana.sy\/es\/wp-content\/uploads\/2015\/08\/exposicion-de-fotos-11-1024x606.jpg 1024w\" sizes=\"(max-width: 150px) 100vw, 150px\" \/><\/a>\n\t\t\t<\/div><\/figure><figure class='gallery-item'>\n\t\t\t<div class='gallery-icon landscape'>\n\t\t\t\t<a href='https:\/\/archive.sana.sy\/es\/wp-content\/uploads\/2015\/08\/exposicion-de-fotos-10.jpg'><img loading=\"lazy\" decoding=\"async\" width=\"150\" height=\"91\" src=\"https:\/\/archive.sana.sy\/es\/wp-content\/uploads\/2015\/08\/exposicion-de-fotos-10-150x91.jpg\" class=\"attachment-thumbnail size-thumbnail\" alt=\"\" srcset=\"https:\/\/archive.sana.sy\/es\/wp-content\/uploads\/2015\/08\/exposicion-de-fotos-10-150x91.jpg 150w, https:\/\/archive.sana.sy\/es\/wp-content\/uploads\/2015\/08\/exposicion-de-fotos-10-300x183.jpg 300w, https:\/\/archive.sana.sy\/es\/wp-content\/uploads\/2015\/08\/exposicion-de-fotos-10-1024x623.jpg 1024w\" sizes=\"(max-width: 150px) 100vw, 150px\" \/><\/a>\n\t\t\t<\/div><\/figure>\n\t\t<\/div>\n\nLynn A.<\/p>\n","protected":false},"excerpt":{"rendered":"<p>Damasco, SANA Con motivo del 70 aniversario de la creaci\u00f3n del Ej\u00e9rcito \u00c1rabe Sirio el ministro de Informaci\u00f3n, Omran al-Zoabi ha inaugurado este s\u00e1bado las actividades de la exposici\u00f3n fotogr\u00e1fica organizada por la Agencia \u00c1rabe Siria de Noticias SANA bajo el t\u00edtulo \u201cun Saludo a los Protectores de la Patria en su D\u00eda\u201d en la &hellip;<\/p>\n","protected":false},"author":24,"featured_media":27626,"comment_status":"closed","ping_status":"closed","sticky":false,"template":"","format":"standard","meta":{"footnotes":""},"categories":[477,510,476],"tags":[6168],"class_list":["post-27583","post","type-post","status-publish","format-standard","has-post-thumbnail","","category-noticias-edulcorantes","category-arte-y-cultura","category-locales","tag-inaugurada-exposicion-fotografica-organizada-por-sana-con-motivo-del-dia-nacional-del-ejercito-arabe-sirio"],"_links":{"self":[{"href":"https:\/\/archive.sana.sy\/es\/index.php?rest_route=\/wp\/v2\/posts\/27583"}],"collection":[{"href":"https:\/\/archive.sana.sy\/es\/index.php?rest_route=\/wp\/v2\/posts"}],"about":[{"href":"https:\/\/archive.sana.sy\/es\/index.php?rest_route=\/wp\/v2\/types\/post"}],"author":[{"embeddable":true,"href":"https:\/\/archive.sana.sy\/es\/index.php?rest_route=\/wp\/v2\/users\/24"}],"replies":[{"embeddable":true,"href":"https:\/\/archive.sana.sy\/es\/index.php?rest_route=%2Fwp%2Fv2%2Fcomments&post=27583"}],"version-history":[{"count":0,"href":"https:\/\/archive.sana.sy\/es\/index.php?rest_route=\/wp\/v2\/posts\/27583\/revisions"}],"wp:featuredmedia":[{"embeddable":true,"href":"https:\/\/archive.sana.sy\/es\/index.php?rest_route=\/wp\/v2\/media\/27626"}],"wp:attachment":[{"href":"https:\/\/archive.sana.sy\/es\/index.php?rest_route=%2Fwp%2Fv2%2Fmedia&parent=27583"}],"wp:term":[{"taxonomy":"category","embeddable":true,"href":"https:\/\/archive.sana.sy\/es\/index.php?rest_route=%2Fwp%2Fv2%2Fcategories&post=27583"},{"taxonomy":"post_tag","embeddable":true,"href":"https:\/\/archive.sana.sy\/es\/index.php?rest_route=%2Fwp%2Fv2%2Ftags&post=27583"}],"curies":[{"name":"wp","href":"https:\/\/api.w.org\/{rel}","templated":true}]}}