{"id":27627,"date":"2015-08-01T17:42:47","date_gmt":"2015-08-01T14:42:47","guid":{"rendered":"http:\/\/www.sana.sy\/es\/?p=27627"},"modified":"2023-01-09T14:09:55","modified_gmt":"2023-01-09T12:09:55","slug":"las-provincias-sirias-celebran-el-dia-nacional-del-ejercito-sirio","status":"publish","type":"post","link":"https:\/\/archive.sana.sy\/es\/?p=27627","title":{"rendered":"Las provincias sirias celebran el D\u00eda Nacional del Ej\u00e9rcito sirio"},"content":{"rendered":"<p><span style=\"color: #800000\">Provincias, SANA<\/span><\/p>\n<p>En reconocimiento a los sacrificios del Ej\u00e9rcito \u00c1rabe Sirio y con motivo del 70 aniversario de su creaci\u00f3n, gobernadores y actores populares y pol\u00edticos en varias provincias realizaron una serie de actos de homenaje entre los mismos visitar a varios puntos de control, a soldados heridos en los hospitales militares, adem\u00e1s de poner ofrendas floreales en los cementerios de los m\u00e1rtires.<\/p>\n<p>Y al coincidir esta ocasi\u00f3n con el anuncio del triunfo de la ciudad de Hassakeh sobre los terroristas del Estado Isl\u00e1mico, el gobernador de la provincia nororiental, Mohammad Zaal al-Ali visit\u00f3 varios puntos de control en dicha ciudad.<\/p>\n<p>Al-Ali se\u00f1al\u00f3 que los criminales del EI sabotearon la infraestructura de la ciudad, revelando que las facultades que sufrieron destrucci\u00f3n a manos de estos terroristas ser\u00e1n rehabilitadas dentro de cuatro d\u00edas para volver a recibir a los estudiantes.<\/p>\n<p>En el mismo contexto, el Jefe de la Polic\u00eda de Hassakeh hizo hincapi\u00e9 en que las fuerzas de seguridad interna seguir\u00e1n apoyando al ej\u00e9rcito sirio hasta lograr la victoria final.<\/p>\n<div id='gallery-1' class='gallery galleryid-27627 gallery-columns-3 gallery-size-thumbnail'><figure class='gallery-item'>\n\t\t\t<div class='gallery-icon landscape'>\n\t\t\t\t<a href='https:\/\/archive.sana.sy\/es\/wp-content\/uploads\/2015\/08\/acto-de-homenaje-1.jpg'><img loading=\"lazy\" decoding=\"async\" width=\"150\" height=\"113\" src=\"https:\/\/archive.sana.sy\/es\/wp-content\/uploads\/2015\/08\/acto-de-homenaje-1-150x113.jpg\" class=\"attachment-thumbnail size-thumbnail\" alt=\"\" srcset=\"https:\/\/archive.sana.sy\/es\/wp-content\/uploads\/2015\/08\/acto-de-homenaje-1-150x113.jpg 150w, https:\/\/archive.sana.sy\/es\/wp-content\/uploads\/2015\/08\/acto-de-homenaje-1-300x225.jpg 300w, https:\/\/archive.sana.sy\/es\/wp-content\/uploads\/2015\/08\/acto-de-homenaje-1-1024x768.jpg 1024w, https:\/\/archive.sana.sy\/es\/wp-content\/uploads\/2015\/08\/acto-de-homenaje-1.jpg 2016w\" sizes=\"(max-width: 150px) 100vw, 150px\" \/><\/a>\n\t\t\t<\/div><\/figure><figure class='gallery-item'>\n\t\t\t<div class='gallery-icon landscape'>\n\t\t\t\t<a href='https:\/\/archive.sana.sy\/es\/wp-content\/uploads\/2015\/08\/acto-de-homenaje-2.jpg'><img loading=\"lazy\" decoding=\"async\" width=\"150\" height=\"102\" src=\"https:\/\/archive.sana.sy\/es\/wp-content\/uploads\/2015\/08\/acto-de-homenaje-2-150x102.jpg\" class=\"attachment-thumbnail size-thumbnail\" alt=\"\" srcset=\"https:\/\/archive.sana.sy\/es\/wp-content\/uploads\/2015\/08\/acto-de-homenaje-2-150x102.jpg 150w, https:\/\/archive.sana.sy\/es\/wp-content\/uploads\/2015\/08\/acto-de-homenaje-2-300x204.jpg 300w, https:\/\/archive.sana.sy\/es\/wp-content\/uploads\/2015\/08\/acto-de-homenaje-2-1024x698.jpg 1024w, https:\/\/archive.sana.sy\/es\/wp-content\/uploads\/2015\/08\/acto-de-homenaje-2.jpg 2016w\" sizes=\"(max-width: 150px) 100vw, 150px\" \/><\/a>\n\t\t\t<\/div><\/figure><figure class='gallery-item'>\n\t\t\t<div class='gallery-icon landscape'>\n\t\t\t\t<a href='https:\/\/archive.sana.sy\/es\/wp-content\/uploads\/2015\/08\/acto-de-homenaje-3.jpg'><img loading=\"lazy\" decoding=\"async\" width=\"150\" height=\"99\" src=\"https:\/\/archive.sana.sy\/es\/wp-content\/uploads\/2015\/08\/acto-de-homenaje-3-150x99.jpg\" class=\"attachment-thumbnail size-thumbnail\" alt=\"\" srcset=\"https:\/\/archive.sana.sy\/es\/wp-content\/uploads\/2015\/08\/acto-de-homenaje-3-150x99.jpg 150w, https:\/\/archive.sana.sy\/es\/wp-content\/uploads\/2015\/08\/acto-de-homenaje-3-300x198.jpg 300w, https:\/\/archive.sana.sy\/es\/wp-content\/uploads\/2015\/08\/acto-de-homenaje-3-1024x677.jpg 1024w, https:\/\/archive.sana.sy\/es\/wp-content\/uploads\/2015\/08\/acto-de-homenaje-3.jpg 1148w\" sizes=\"(max-width: 150px) 100vw, 150px\" \/><\/a>\n\t\t\t<\/div><\/figure><figure class='gallery-item'>\n\t\t\t<div class='gallery-icon landscape'>\n\t\t\t\t<a href='https:\/\/archive.sana.sy\/es\/wp-content\/uploads\/2015\/08\/actos-de-homenaje-4.jpg'><img loading=\"lazy\" decoding=\"async\" width=\"150\" height=\"108\" src=\"https:\/\/archive.sana.sy\/es\/wp-content\/uploads\/2015\/08\/actos-de-homenaje-4-150x108.jpg\" class=\"attachment-thumbnail size-thumbnail\" alt=\"\" srcset=\"https:\/\/archive.sana.sy\/es\/wp-content\/uploads\/2015\/08\/actos-de-homenaje-4-150x108.jpg 150w, https:\/\/archive.sana.sy\/es\/wp-content\/uploads\/2015\/08\/actos-de-homenaje-4-300x216.jpg 300w, https:\/\/archive.sana.sy\/es\/wp-content\/uploads\/2015\/08\/actos-de-homenaje-4-1024x738.jpg 1024w, https:\/\/archive.sana.sy\/es\/wp-content\/uploads\/2015\/08\/actos-de-homenaje-4.jpg 1065w\" sizes=\"(max-width: 150px) 100vw, 150px\" \/><\/a>\n\t\t\t<\/div><\/figure>\n\t\t<\/div>\n\n<p>&nbsp;<\/p>\n<p>&nbsp;<\/p>\n<p>Lynn A.<\/p>\n","protected":false},"excerpt":{"rendered":"<p>Provincias, SANA En reconocimiento a los sacrificios del Ej\u00e9rcito \u00c1rabe Sirio y con motivo del 70 aniversario de su creaci\u00f3n, gobernadores y actores populares y pol\u00edticos en varias provincias realizaron una serie de actos de homenaje entre los mismos visitar a varios puntos de control, a soldados heridos en los hospitales militares, adem\u00e1s de poner &hellip;<\/p>\n","protected":false},"author":24,"featured_media":27632,"comment_status":"closed","ping_status":"closed","sticky":false,"template":"","format":"standard","meta":{"footnotes":""},"categories":[476],"tags":[6173],"class_list":["post-27627","post","type-post","status-publish","format-standard","has-post-thumbnail","","category-locales","tag-las-provincias-sirias-celebran-el-dia-nacional-del-ejercito-sirio"],"_links":{"self":[{"href":"https:\/\/archive.sana.sy\/es\/index.php?rest_route=\/wp\/v2\/posts\/27627"}],"collection":[{"href":"https:\/\/archive.sana.sy\/es\/index.php?rest_route=\/wp\/v2\/posts"}],"about":[{"href":"https:\/\/archive.sana.sy\/es\/index.php?rest_route=\/wp\/v2\/types\/post"}],"author":[{"embeddable":true,"href":"https:\/\/archive.sana.sy\/es\/index.php?rest_route=\/wp\/v2\/users\/24"}],"replies":[{"embeddable":true,"href":"https:\/\/archive.sana.sy\/es\/index.php?rest_route=%2Fwp%2Fv2%2Fcomments&post=27627"}],"version-history":[{"count":0,"href":"https:\/\/archive.sana.sy\/es\/index.php?rest_route=\/wp\/v2\/posts\/27627\/revisions"}],"wp:featuredmedia":[{"embeddable":true,"href":"https:\/\/archive.sana.sy\/es\/index.php?rest_route=\/wp\/v2\/media\/27632"}],"wp:attachment":[{"href":"https:\/\/archive.sana.sy\/es\/index.php?rest_route=%2Fwp%2Fv2%2Fmedia&parent=27627"}],"wp:term":[{"taxonomy":"category","embeddable":true,"href":"https:\/\/archive.sana.sy\/es\/index.php?rest_route=%2Fwp%2Fv2%2Fcategories&post=27627"},{"taxonomy":"post_tag","embeddable":true,"href":"https:\/\/archive.sana.sy\/es\/index.php?rest_route=%2Fwp%2Fv2%2Ftags&post=27627"}],"curies":[{"name":"wp","href":"https:\/\/api.w.org\/{rel}","templated":true}]}}