{"id":27685,"date":"2015-08-01T22:13:14","date_gmt":"2015-08-01T19:13:14","guid":{"rendered":"http:\/\/sana.sy\/es\/?p=27685"},"modified":"2015-08-02T14:53:25","modified_gmt":"2015-08-02T11:53:25","slug":"el-consejo-de-seguridad-de-la-onu-condena-ataque-a-familia-palestina-en-cisjordania","status":"publish","type":"post","link":"https:\/\/archive.sana.sy\/es\/?p=27685","title":{"rendered":"El Consejo de Seguridad de la ONU condena ataque a familia palestina en Cisjordania"},"content":{"rendered":"<p>Nueva York-SANA<\/p>\n<p style=\"text-align: justify\">El Consejo de Seguridad de la ONU, conden\u00f3 en los t\u00e9rminos m\u00e1s en\u00e9rgicos el asesinato de un ni\u00f1o palestino de a\u00f1o y medio en el norte de Cisjordania y pidi\u00f3 que los culpables de ese acto terrorista sean pronto presentados ante la justicia.<\/p>\n<p style=\"text-align: justify\">El ataque ocurri\u00f3 en el poblado de Duma, cerca de Nablus, cuando la casa de la familia palestina Dawabsha fue incendiada. El ni\u00f1o muri\u00f3 y su padre, madre y hermano de cuatro a\u00f1os sufrieron quemaduras graves.<\/p>\n<p style=\"text-align: justify\">Los agresores, seg\u00fan testigos, fueron colonos israel\u00edes que dejaron inscritas leyendas en hebreo en la vivienda atacada.<\/p>\n<p style=\"text-align: justify\">Por su parte, Stephan Dujarric, portavoz de la ONU, ley\u00f3 un comunicado en el que el Secretario General reiter\u00f3 su llamado a todas las partes no escalar a\u00fan m\u00e1s la tensi\u00f3n y evitar una mayor p\u00e9rdida de vidas.<\/p>\n<p style=\"text-align: justify\">Agreg\u00f3 que el crimen constituye una nueva amenaza a las aspiraciones leg\u00edtimas del pueblo palestino de un Estado.<\/p>\n<p>M.Miri<\/p>\n","protected":false},"excerpt":{"rendered":"<p>Nueva York-SANA El Consejo de Seguridad de la ONU, conden\u00f3 en los t\u00e9rminos m\u00e1s en\u00e9rgicos el asesinato de un ni\u00f1o palestino de a\u00f1o y medio en el norte de Cisjordania y pidi\u00f3 que los culpables de ese acto terrorista sean pronto presentados ante la justicia. El ataque ocurri\u00f3 en el poblado de Duma, cerca de &hellip;<\/p>\n","protected":false},"author":1,"featured_media":27687,"comment_status":"closed","ping_status":"closed","sticky":false,"template":"","format":"standard","meta":{"footnotes":""},"categories":[456,457,576],"tags":[6178],"class_list":["post-27685","post","type-post","status-publish","format-standard","has-post-thumbnail","","category-arabe-internacional-politica","category-noticias-arabe-internacional-politica","category-noticias-politicas","tag-el-consejo-de-seguridad-de-la-onu-condena-ataque-a-familia-palestina-en-cisjordania"],"_links":{"self":[{"href":"https:\/\/archive.sana.sy\/es\/index.php?rest_route=\/wp\/v2\/posts\/27685"}],"collection":[{"href":"https:\/\/archive.sana.sy\/es\/index.php?rest_route=\/wp\/v2\/posts"}],"about":[{"href":"https:\/\/archive.sana.sy\/es\/index.php?rest_route=\/wp\/v2\/types\/post"}],"author":[{"embeddable":true,"href":"https:\/\/archive.sana.sy\/es\/index.php?rest_route=\/wp\/v2\/users\/1"}],"replies":[{"embeddable":true,"href":"https:\/\/archive.sana.sy\/es\/index.php?rest_route=%2Fwp%2Fv2%2Fcomments&post=27685"}],"version-history":[{"count":0,"href":"https:\/\/archive.sana.sy\/es\/index.php?rest_route=\/wp\/v2\/posts\/27685\/revisions"}],"wp:featuredmedia":[{"embeddable":true,"href":"https:\/\/archive.sana.sy\/es\/index.php?rest_route=\/wp\/v2\/media\/27687"}],"wp:attachment":[{"href":"https:\/\/archive.sana.sy\/es\/index.php?rest_route=%2Fwp%2Fv2%2Fmedia&parent=27685"}],"wp:term":[{"taxonomy":"category","embeddable":true,"href":"https:\/\/archive.sana.sy\/es\/index.php?rest_route=%2Fwp%2Fv2%2Fcategories&post=27685"},{"taxonomy":"post_tag","embeddable":true,"href":"https:\/\/archive.sana.sy\/es\/index.php?rest_route=%2Fwp%2Fv2%2Ftags&post=27685"}],"curies":[{"name":"wp","href":"https:\/\/api.w.org\/{rel}","templated":true}]}}