{"id":27707,"date":"2015-08-02T15:56:50","date_gmt":"2015-08-02T12:56:50","guid":{"rendered":"http:\/\/sana.sy\/es\/?p=27707"},"modified":"2023-01-10T15:29:07","modified_gmt":"2023-01-10T13:29:07","slug":"exposicion-syria-mode-se-lanzara-el-siete-del-mes-en-curso-en-el-libano","status":"publish","type":"post","link":"https:\/\/archive.sana.sy\/es\/?p=27707","title":{"rendered":"Exposici\u00f3n \u201cSyria Mode\u201d se lanzar\u00e1 el siete del mes en curso en el L\u00edbano"},"content":{"rendered":"<p><span style=\"color: #800000\">Damasco, SANA<\/span><\/p>\n<p>Con la participaci\u00f3n de 100 compa\u00f1\u00edas sirias especializadas en textiles se inaugurar\u00e1 el siete del mes en curso la exposici\u00f3n especializada en prendas de vestir y sus accesorios \u201cSyria Mode\u201d en el recinto de la Feria Internacional en la capital libanesa Beirut.<\/p>\n<p>En este contexto, el jefe de la Federaci\u00f3n de Exportadores Sirios, Mohamad al-Sawah declar\u00f3 que la exposici\u00f3n se hace bajo el patrocinio de la Federaci\u00f3n de Exportadores Sirios que brinda el apoyo financiero a tales exposiciones, adem\u00e1s de grandes facilidades a los importadores extranjeros para que entren en contacto con los productores sirios.<\/p>\n<p>Al-Sawah agreg\u00f3 que su federaci\u00f3n invit\u00f3 a 300 personalidades de pa\u00edses magreb\u00edes, del Golfo, entre otros, vaticinando que el evento lograr\u00e1 sus metas anheladas en la firma de nuevos contratos exteriores.<\/p>\n<p>La exposici\u00f3n se prolongar\u00e1 hasta el 9 del mes en curso y ocupar\u00e1 una superficie de 3000 metros cuadrados e incluye tambi\u00e9n productos de la industria del cuero, las artes pl\u00e1sticas, una feria de flores y plantas de decoraci\u00f3n.<\/p>\n<p>&nbsp;<\/p>\n<p>Lynn A.<\/p>\n","protected":false},"excerpt":{"rendered":"<p>Damasco, SANA Con la participaci\u00f3n de 100 compa\u00f1\u00edas sirias especializadas en textiles se inaugurar\u00e1 el siete del mes en curso la exposici\u00f3n especializada en prendas de vestir y sus accesorios \u201cSyria Mode\u201d en el recinto de la Feria Internacional en la capital libanesa Beirut. En este contexto, el jefe de la Federaci\u00f3n de Exportadores Sirios, &hellip;<\/p>\n","protected":false},"author":24,"featured_media":7749,"comment_status":"closed","ping_status":"closed","sticky":false,"template":"","format":"standard","meta":{"footnotes":""},"categories":[447,485],"tags":[6181],"class_list":["post-27707","post","type-post","status-publish","format-standard","has-post-thumbnail","","category-local-politica","category-informes-negocios-y-finanzas","tag-exposicion-syria-mode-se-lanzara-el-siete-del-mes-en-curso-en-el-libano"],"_links":{"self":[{"href":"https:\/\/archive.sana.sy\/es\/index.php?rest_route=\/wp\/v2\/posts\/27707"}],"collection":[{"href":"https:\/\/archive.sana.sy\/es\/index.php?rest_route=\/wp\/v2\/posts"}],"about":[{"href":"https:\/\/archive.sana.sy\/es\/index.php?rest_route=\/wp\/v2\/types\/post"}],"author":[{"embeddable":true,"href":"https:\/\/archive.sana.sy\/es\/index.php?rest_route=\/wp\/v2\/users\/24"}],"replies":[{"embeddable":true,"href":"https:\/\/archive.sana.sy\/es\/index.php?rest_route=%2Fwp%2Fv2%2Fcomments&post=27707"}],"version-history":[{"count":0,"href":"https:\/\/archive.sana.sy\/es\/index.php?rest_route=\/wp\/v2\/posts\/27707\/revisions"}],"wp:featuredmedia":[{"embeddable":true,"href":"https:\/\/archive.sana.sy\/es\/index.php?rest_route=\/wp\/v2\/media\/7749"}],"wp:attachment":[{"href":"https:\/\/archive.sana.sy\/es\/index.php?rest_route=%2Fwp%2Fv2%2Fmedia&parent=27707"}],"wp:term":[{"taxonomy":"category","embeddable":true,"href":"https:\/\/archive.sana.sy\/es\/index.php?rest_route=%2Fwp%2Fv2%2Fcategories&post=27707"},{"taxonomy":"post_tag","embeddable":true,"href":"https:\/\/archive.sana.sy\/es\/index.php?rest_route=%2Fwp%2Fv2%2Ftags&post=27707"}],"curies":[{"name":"wp","href":"https:\/\/api.w.org\/{rel}","templated":true}]}}