{"id":27793,"date":"2015-08-04T18:40:36","date_gmt":"2015-08-04T15:40:36","guid":{"rendered":"http:\/\/sana.sy\/es\/?p=27793"},"modified":"2015-08-04T18:40:36","modified_gmt":"2015-08-04T15:40:36","slug":"al-miqdad-debate-con-la-viceministra-de-relaciones-internacionales-y-cooperacion-sudafricana-la-lucha-antiterrorista","status":"publish","type":"post","link":"https:\/\/archive.sana.sy\/es\/?p=27793","title":{"rendered":"Al-Miqdad debate con la viceministra de Relaciones Internacionales y Cooperaci\u00f3n sudafricana la lucha antiterrorista"},"content":{"rendered":"<p><span style=\"color: #800000\">Pretoria, SANA<\/span><\/p>\n<p>El vicecanciller sirio, Faisal al-Miqdad debati\u00f3 con la viceministra de Relaciones Internacionales y Cooperaci\u00f3n sudafricana, Nomaindiya Mfeketo las v\u00edas de desarrollar las relaciones bilaterales en los diferentes \u00e1mbitos, sobre todo los pol\u00edticos, econ\u00f3micos y de la lucha contra el terrorismo.<\/p>\n<p>Mfeketo expres\u00f3 durante la reuni\u00f3n con el vicecanciller al-Miqdad, el apoyo de su pa\u00eds a los esfuerzos sirios en materia de la lucha contra el terrorismo, y su rotundo rechazo a las tendencias injerencistas en sus asuntos internos y las pol\u00edticas encaminadas a cambiar los reg\u00edmenes. En el mismo contexto denunci\u00f3 a nombre de su pa\u00eds el terrorismo, destacando la necesidad de detener todo apoyo a las organizaciones terroristas que apuntan contra la seguridad y paz de la regi\u00f3n y de todo el mundo.<\/p>\n<p>La alta funcionaria sudafricana valor\u00f3 altamente la resistencia heroica del pueblo sirio y su liderazgo frente a la ofensiva terrorista, manifestando la plena disposici\u00f3n de su pa\u00eds de brindar el apoyo necesario al Gobierno sirio para reconstruir el pa\u00eds y reponer en operaci\u00f3n a todos los establecimientos afectaos por los actos terroristas.<\/p>\n<p>A su vez, al-Miqdad denunci\u00f3 que\u00a0la guerra terrorista librada contra Siria tiene por objetivo\u00a0debilita su resistencia y papel constructivo como patrocinador\u00a0de las causas justas, sobre todo la palestina.<\/p>\n<p>Al-Miqdad apreci\u00f3 las posturas de Sud\u00e1frica, pueblo y liderazgo, en apoyo a Siria frente al terrorismo, dando la bienvenida a la eficiente contribuci\u00f3n de esta naci\u00f3n amiga en el proceso de la reconstrucci\u00f3n de Siria.<\/p>\n<p>Asimismo destac\u00f3 la inevitabilidad de la victoria de Siria sobre el terrorismo,&#8221; la cual ser\u00e1 un triunfo para todos los pa\u00edses que abogan por la ley internacional y por su independencia y soberan\u00eda&#8221;.<\/p>\n<p>El Vicecanciller sirio hab\u00eda recibido ayer en la sede de su estancia en Sud\u00e1fica al jefe del Bur\u00f3 de Relaciones Exteriores del Partido de la Conferencia Nacional, partido gobernador de Sud\u00e1frica, donde ambas partes destacaron la importancia de afianzar las relaciones entre el Partido de la Conferencia y el Partido \u00c1rabe Socialista de Baath.<br \/>\nLynn A.<\/p>\n","protected":false},"excerpt":{"rendered":"<p>Pretoria, SANA El vicecanciller sirio, Faisal al-Miqdad debati\u00f3 con la viceministra de Relaciones Internacionales y Cooperaci\u00f3n sudafricana, Nomaindiya Mfeketo las v\u00edas de desarrollar las relaciones bilaterales en los diferentes \u00e1mbitos, sobre todo los pol\u00edticos, econ\u00f3micos y de la lucha contra el terrorismo. Mfeketo expres\u00f3 durante la reuni\u00f3n con el vicecanciller al-Miqdad, el apoyo de su &hellip;<\/p>\n","protected":false},"author":24,"featured_media":22604,"comment_status":"closed","ping_status":"closed","sticky":false,"template":"","format":"standard","meta":{"footnotes":""},"categories":[456,457,576],"tags":[6194],"class_list":["post-27793","post","type-post","status-publish","format-standard","has-post-thumbnail","","category-arabe-internacional-politica","category-noticias-arabe-internacional-politica","category-noticias-politicas","tag-al-miqdad-debate-con-la-viceministra-de-relaciones-internacionales-y-cooperacion-sudafricana-la-lucha-antiterrorista"],"_links":{"self":[{"href":"https:\/\/archive.sana.sy\/es\/index.php?rest_route=\/wp\/v2\/posts\/27793"}],"collection":[{"href":"https:\/\/archive.sana.sy\/es\/index.php?rest_route=\/wp\/v2\/posts"}],"about":[{"href":"https:\/\/archive.sana.sy\/es\/index.php?rest_route=\/wp\/v2\/types\/post"}],"author":[{"embeddable":true,"href":"https:\/\/archive.sana.sy\/es\/index.php?rest_route=\/wp\/v2\/users\/24"}],"replies":[{"embeddable":true,"href":"https:\/\/archive.sana.sy\/es\/index.php?rest_route=%2Fwp%2Fv2%2Fcomments&post=27793"}],"version-history":[{"count":0,"href":"https:\/\/archive.sana.sy\/es\/index.php?rest_route=\/wp\/v2\/posts\/27793\/revisions"}],"wp:featuredmedia":[{"embeddable":true,"href":"https:\/\/archive.sana.sy\/es\/index.php?rest_route=\/wp\/v2\/media\/22604"}],"wp:attachment":[{"href":"https:\/\/archive.sana.sy\/es\/index.php?rest_route=%2Fwp%2Fv2%2Fmedia&parent=27793"}],"wp:term":[{"taxonomy":"category","embeddable":true,"href":"https:\/\/archive.sana.sy\/es\/index.php?rest_route=%2Fwp%2Fv2%2Fcategories&post=27793"},{"taxonomy":"post_tag","embeddable":true,"href":"https:\/\/archive.sana.sy\/es\/index.php?rest_route=%2Fwp%2Fv2%2Ftags&post=27793"}],"curies":[{"name":"wp","href":"https:\/\/api.w.org\/{rel}","templated":true}]}}