{"id":278099,"date":"2023-01-10T16:03:28","date_gmt":"2023-01-10T14:03:28","guid":{"rendered":"http:\/\/107.6.182.27\/es\/?p=278099"},"modified":"2023-01-11T09:25:36","modified_gmt":"2023-01-11T07:25:36","slug":"pyongyang-no-haremos-ninguna-concesion-con-respecto-a-la-soberania-del-pais","status":"publish","type":"post","link":"https:\/\/archive.sana.sy\/es\/?p=278099","title":{"rendered":"Pyongyang: No haremos ninguna concesi\u00f3n con respecto a la soberan\u00eda del pa\u00eds"},"content":{"rendered":"<p style=\"text-align: justify;\"><span style=\"color: #800000;\"><strong>Pyongyang, 10 ene (SANA)<\/strong><\/span> La Rep\u00fablica Popular Democr\u00e1tica de Corea (RPDC) reafirm\u00f3 este martes que no har\u00e1 ninguna concesi\u00f3n sobre su soberan\u00eda y cuestiones relacionadas con los intereses b\u00e1sicos de su pueblo.<\/p>\n<p style=\"text-align: justify;\">&#8220;El Partido nunca har\u00e1 concesiones en cuestiones relacionadas con los intereses fundamentales, la soberan\u00eda y la dignidad de la RPDC y su pueblo, sin importar las dificultades&#8221;, dijo el portavoz del Partido Democr\u00e1tico de los Trabajadores de Corea citado por el peri\u00f3dico Rodong Sinmun.<\/p>\n<p style=\"text-align: justify;\">Seg\u00fan el diario, el Partido resolver\u00e1 todos los problemas a su manera y con su fuerza, bas\u00e1ndose en el principio de la autosuficiencia y el autodesarrollo.<\/p>\n<p style=\"text-align: justify;\">ed\/fm\/la<\/p>\n","protected":false},"excerpt":{"rendered":"<p>Pyongyang, 10 ene (SANA) La Rep\u00fablica Popular Democr\u00e1tica de Corea (RPDC) reafirm\u00f3 este martes que no har\u00e1 ninguna concesi\u00f3n sobre su soberan\u00eda y cuestiones relacionadas con los intereses b\u00e1sicos de su pueblo. &#8220;El Partido nunca har\u00e1 concesiones en cuestiones relacionadas con los intereses fundamentales, la soberan\u00eda y la dignidad de la RPDC y su pueblo, &hellip;<\/p>\n","protected":false},"author":24,"featured_media":278100,"comment_status":"closed","ping_status":"closed","sticky":false,"template":"","format":"standard","meta":{"footnotes":""},"categories":[447,597,456,20724,448],"tags":[],"class_list":["post-278099","post","type-post","status-publish","format-standard","has-post-thumbnail","","category-local-politica","category-cinta-de-noticias","category-arabe-internacional-politica","category-minuto-a-minuto","category-noticias"],"_links":{"self":[{"href":"https:\/\/archive.sana.sy\/es\/index.php?rest_route=\/wp\/v2\/posts\/278099"}],"collection":[{"href":"https:\/\/archive.sana.sy\/es\/index.php?rest_route=\/wp\/v2\/posts"}],"about":[{"href":"https:\/\/archive.sana.sy\/es\/index.php?rest_route=\/wp\/v2\/types\/post"}],"author":[{"embeddable":true,"href":"https:\/\/archive.sana.sy\/es\/index.php?rest_route=\/wp\/v2\/users\/24"}],"replies":[{"embeddable":true,"href":"https:\/\/archive.sana.sy\/es\/index.php?rest_route=%2Fwp%2Fv2%2Fcomments&post=278099"}],"version-history":[{"count":0,"href":"https:\/\/archive.sana.sy\/es\/index.php?rest_route=\/wp\/v2\/posts\/278099\/revisions"}],"wp:featuredmedia":[{"embeddable":true,"href":"https:\/\/archive.sana.sy\/es\/index.php?rest_route=\/wp\/v2\/media\/278100"}],"wp:attachment":[{"href":"https:\/\/archive.sana.sy\/es\/index.php?rest_route=%2Fwp%2Fv2%2Fmedia&parent=278099"}],"wp:term":[{"taxonomy":"category","embeddable":true,"href":"https:\/\/archive.sana.sy\/es\/index.php?rest_route=%2Fwp%2Fv2%2Fcategories&post=278099"},{"taxonomy":"post_tag","embeddable":true,"href":"https:\/\/archive.sana.sy\/es\/index.php?rest_route=%2Fwp%2Fv2%2Ftags&post=278099"}],"curies":[{"name":"wp","href":"https:\/\/api.w.org\/{rel}","templated":true}]}}