{"id":27941,"date":"2015-08-07T15:19:04","date_gmt":"2015-08-07T12:19:04","guid":{"rendered":"http:\/\/sana.sy\/es\/?p=27941"},"modified":"2015-08-07T15:19:46","modified_gmt":"2015-08-07T12:19:46","slug":"mueren-tres-civiles-por-disparos-del-ejercito-turco","status":"publish","type":"post","link":"https:\/\/archive.sana.sy\/es\/?p=27941","title":{"rendered":"Mueren tres civiles por disparos del ej\u00e9rcito turco"},"content":{"rendered":"<p style=\"text-align: justify\"><span style=\"color: #800000\">Ankara, SANA<\/span><\/p>\n<p style=\"text-align: justify\">Tres civiles han muerto este viernes y otros quince han resultado heridos como consecuencia de disparos efectuados por el ej\u00e9rcito turco, en la ciudad de Silopi, de la provincia de \u015e\u0131rnak, situada en el sureste de Turqu\u00eda.<\/p>\n<p style=\"text-align: justify\">De acuerdo con la agencia de noticias turca Dogan, un intento de asalto realizado por parte del ej\u00e9rcito turco contra la ciudad de Sllopi, choc\u00f3 con la resistencia de los hogare\u00f1os y combatientes del Partido de los Trabajadores de Kurdist\u00e1n (PKK), que finalmente 3 civiles perdieron la vida y otros 15 resultaron heridos.<\/p>\n<p style=\"text-align: justify\">Cabe se\u00f1alar que, la pasividad del gobierno turco contra el Estado Isl\u00e1mico desat\u00f3 las protestas de los turcos contra su gobierno, los violentos enfrentamientos entre los manifestantes y la polic\u00eda turca han dejado varios muertos y heridos en diferentes ciudades turcas.<\/p>\n<p>M.Miri<\/p>\n","protected":false},"excerpt":{"rendered":"<p>Ankara, SANA Tres civiles han muerto este viernes y otros quince han resultado heridos como consecuencia de disparos efectuados por el ej\u00e9rcito turco, en la ciudad de Silopi, de la provincia de \u015e\u0131rnak, situada en el sureste de Turqu\u00eda. De acuerdo con la agencia de noticias turca Dogan, un intento de asalto realizado por parte &hellip;<\/p>\n","protected":false},"author":1,"featured_media":27942,"comment_status":"closed","ping_status":"closed","sticky":false,"template":"","format":"standard","meta":{"footnotes":""},"categories":[457,576],"tags":[6222],"class_list":["post-27941","post","type-post","status-publish","format-standard","has-post-thumbnail","","category-noticias-arabe-internacional-politica","category-noticias-politicas","tag-mueren-tres-civiles-por-disparos-del-ejercito-turco"],"_links":{"self":[{"href":"https:\/\/archive.sana.sy\/es\/index.php?rest_route=\/wp\/v2\/posts\/27941"}],"collection":[{"href":"https:\/\/archive.sana.sy\/es\/index.php?rest_route=\/wp\/v2\/posts"}],"about":[{"href":"https:\/\/archive.sana.sy\/es\/index.php?rest_route=\/wp\/v2\/types\/post"}],"author":[{"embeddable":true,"href":"https:\/\/archive.sana.sy\/es\/index.php?rest_route=\/wp\/v2\/users\/1"}],"replies":[{"embeddable":true,"href":"https:\/\/archive.sana.sy\/es\/index.php?rest_route=%2Fwp%2Fv2%2Fcomments&post=27941"}],"version-history":[{"count":0,"href":"https:\/\/archive.sana.sy\/es\/index.php?rest_route=\/wp\/v2\/posts\/27941\/revisions"}],"wp:featuredmedia":[{"embeddable":true,"href":"https:\/\/archive.sana.sy\/es\/index.php?rest_route=\/wp\/v2\/media\/27942"}],"wp:attachment":[{"href":"https:\/\/archive.sana.sy\/es\/index.php?rest_route=%2Fwp%2Fv2%2Fmedia&parent=27941"}],"wp:term":[{"taxonomy":"category","embeddable":true,"href":"https:\/\/archive.sana.sy\/es\/index.php?rest_route=%2Fwp%2Fv2%2Fcategories&post=27941"},{"taxonomy":"post_tag","embeddable":true,"href":"https:\/\/archive.sana.sy\/es\/index.php?rest_route=%2Fwp%2Fv2%2Ftags&post=27941"}],"curies":[{"name":"wp","href":"https:\/\/api.w.org\/{rel}","templated":true}]}}