{"id":27947,"date":"2015-08-07T16:16:47","date_gmt":"2015-08-07T13:16:47","guid":{"rendered":"http:\/\/sana.sy\/es\/?p=27947"},"modified":"2015-08-07T16:16:47","modified_gmt":"2015-08-07T13:16:47","slug":"el-ejercito-iraqui-lanza-nuevos-operaciones-militares-contra-daesh","status":"publish","type":"post","link":"https:\/\/archive.sana.sy\/es\/?p=27947","title":{"rendered":"El ej\u00e9rcito iraqu\u00ed lanza nuevos operaciones militares contra Daesh"},"content":{"rendered":"<p style=\"text-align: justify\"><span style=\"color: #800000\">Bagadas, SANA<\/span><\/p>\n<p style=\"text-align: justify\">El Ej\u00e9rcito iraqu\u00ed confisc\u00f3 este viernes una f\u00e1brica de bombas perteneciente al grupo terrorista (Daesh) en la regi\u00f3n Al-Yazira, en el oeste de la ciudad de Samarra, en la provincia central de Salah al-Din.<\/p>\n<p style=\"text-align: justify\">En otra operaci\u00f3n antiterrorista, las unidades del Ej\u00e9rcito iraqu\u00ed, respaldado por las fuerzas populares, se ha hecho con el control de la zona de Al-Husaiba, en el este de la ciudad de Al-Ramadi, capital de Al-Anbar (oeste). En este operativo varios terroristas del EI fueron aniquilados a manos de las fuerzas conjuntas iraqu\u00edes.<\/p>\n<p style=\"text-align: justify\">En el mismo contexto, 52 integrantes del grupo terrorista EI han sido eliminados el jueves en incursiones a\u00e9reas del ej\u00e9rcito iraqu\u00ed en la provincia occidental de Al-Anbar.<\/p>\n<p style=\"text-align: justify\">Los objetivos de las redadas fueron los escondites de los terroristas en las localidades de Al-Malahmeh, Abu Alwan, as\u00ed como la ciudad fronteriza de Husaibah, a siete kil\u00f3metros de la capital de Al-Anbar, Al-Ramadi, seg\u00fan informaron fuentes militares.<\/p>\n<p style=\"text-align: justify\">Seg\u00fan la fuente, otros 58 miembros de Daesh resultaron heridos. Adem\u00e1s, durante las ofensivas, los cazas destruyeron 9 arsenales de armas, 22 blindados y 14 veh\u00edculos pertenecientes a los terroristas.<\/p>\n<p style=\"text-align: justify\">M.Miri<\/p>\n","protected":false},"excerpt":{"rendered":"<p>Bagadas, SANA El Ej\u00e9rcito iraqu\u00ed confisc\u00f3 este viernes una f\u00e1brica de bombas perteneciente al grupo terrorista (Daesh) en la regi\u00f3n Al-Yazira, en el oeste de la ciudad de Samarra, en la provincia central de Salah al-Din. En otra operaci\u00f3n antiterrorista, las unidades del Ej\u00e9rcito iraqu\u00ed, respaldado por las fuerzas populares, se ha hecho con el &hellip;<\/p>\n","protected":false},"author":1,"featured_media":15666,"comment_status":"closed","ping_status":"closed","sticky":false,"template":"","format":"standard","meta":{"footnotes":""},"categories":[456,457],"tags":[6225],"class_list":["post-27947","post","type-post","status-publish","format-standard","has-post-thumbnail","","category-arabe-internacional-politica","category-noticias-arabe-internacional-politica","tag-el-ejercito-iraqui-lanza-nuevos-operaciones-militares-contra-daesh"],"_links":{"self":[{"href":"https:\/\/archive.sana.sy\/es\/index.php?rest_route=\/wp\/v2\/posts\/27947"}],"collection":[{"href":"https:\/\/archive.sana.sy\/es\/index.php?rest_route=\/wp\/v2\/posts"}],"about":[{"href":"https:\/\/archive.sana.sy\/es\/index.php?rest_route=\/wp\/v2\/types\/post"}],"author":[{"embeddable":true,"href":"https:\/\/archive.sana.sy\/es\/index.php?rest_route=\/wp\/v2\/users\/1"}],"replies":[{"embeddable":true,"href":"https:\/\/archive.sana.sy\/es\/index.php?rest_route=%2Fwp%2Fv2%2Fcomments&post=27947"}],"version-history":[{"count":0,"href":"https:\/\/archive.sana.sy\/es\/index.php?rest_route=\/wp\/v2\/posts\/27947\/revisions"}],"wp:featuredmedia":[{"embeddable":true,"href":"https:\/\/archive.sana.sy\/es\/index.php?rest_route=\/wp\/v2\/media\/15666"}],"wp:attachment":[{"href":"https:\/\/archive.sana.sy\/es\/index.php?rest_route=%2Fwp%2Fv2%2Fmedia&parent=27947"}],"wp:term":[{"taxonomy":"category","embeddable":true,"href":"https:\/\/archive.sana.sy\/es\/index.php?rest_route=%2Fwp%2Fv2%2Fcategories&post=27947"},{"taxonomy":"post_tag","embeddable":true,"href":"https:\/\/archive.sana.sy\/es\/index.php?rest_route=%2Fwp%2Fv2%2Ftags&post=27947"}],"curies":[{"name":"wp","href":"https:\/\/api.w.org\/{rel}","templated":true}]}}