{"id":27956,"date":"2015-08-07T17:44:14","date_gmt":"2015-08-07T14:44:14","guid":{"rendered":"http:\/\/sana.sy\/es\/?p=27956"},"modified":"2015-08-08T19:49:34","modified_gmt":"2015-08-08T16:49:34","slug":"bogdanov-los-sirios-deben-determinar-su-destino-a-traves-del-dialogo-y-de-la-negociacion","status":"publish","type":"post","link":"https:\/\/archive.sana.sy\/es\/?p=27956","title":{"rendered":"Bogdanov: los sirios deben determinar su destino a trav\u00e9s del di\u00e1logo y de la negociaci\u00f3n"},"content":{"rendered":"<p><span style=\"color: #800000\">Mosc\u00fa, SANA<\/span><\/p>\n<p style=\"text-align: justify\">El enviado especial del presidente ruso para Asuntos de Oriente Medio y \u00c1frica, vicecanciller Mijael, dijo que el pueblo sirio debe determinar el destino de su pa\u00eds a trav\u00e9s del di\u00e1logo, del acuerdo y de la negociaci\u00f3n pol\u00edtica, se\u00f1alando que Mosc\u00fa est\u00e1 en espera de la llegada de m\u00e1s de una delegaci\u00f3n de la oposici\u00f3n siria en el futuro cercano.<\/p>\n<p style=\"text-align: justify\">Bogdanov en sus declaraciones al canal de televisi\u00f3n Rusia Hoy, revel\u00f3 que Mosc\u00fa llama a los sirios para asistir a la mesa redonda para negociarse sobre la base de los principios del comunicado de Ginebra, aclarando que Mosc\u00fa aplicar\u00e1 m\u00e1s esfuerzos para resolver los problemas de la regi\u00f3n.<\/p>\n<p style=\"text-align: justify\">Cabe se\u00f1alar que el titular ruso mantuvo en Teher\u00e1n (capital de Ir\u00e1n) una reuni\u00f3n con el canciller sirio Walid al-Moalem, donde se examinaron las relaciones mutuas siria-rusas, los resultados de las conversaciones del titular ruso en algunos pa\u00edses del golfo \u00e1rabe, y la iniciativa del presidente ruso \u201cVlad\u00edmir Putin \u201crelacionada con la creaci\u00f3n de una coalici\u00f3n internacional para combatir el terrorismo, basada en el cumplimiento por parte de algunos estados de las resoluciones de la ONU, relativas a lucha contra el terrorismo.<\/p>\n<p style=\"text-align: justify\">\nM.Miri<\/p>\n","protected":false},"excerpt":{"rendered":"<p>Mosc\u00fa, SANA El enviado especial del presidente ruso para Asuntos de Oriente Medio y \u00c1frica, vicecanciller Mijael, dijo que el pueblo sirio debe determinar el destino de su pa\u00eds a trav\u00e9s del di\u00e1logo, del acuerdo y de la negociaci\u00f3n pol\u00edtica, se\u00f1alando que Mosc\u00fa est\u00e1 en espera de la llegada de m\u00e1s de una delegaci\u00f3n de &hellip;<\/p>\n","protected":false},"author":1,"featured_media":27957,"comment_status":"closed","ping_status":"closed","sticky":false,"template":"","format":"standard","meta":{"footnotes":""},"categories":[597,457,576],"tags":[6230],"class_list":["post-27956","post","type-post","status-publish","format-standard","has-post-thumbnail","","category-cinta-de-noticias","category-noticias-arabe-internacional-politica","category-noticias-politicas","tag-bogdanov-los-sirios-deben-determinar-su-destino-a-traves-del-dialogo-y-de-la-negociacion"],"_links":{"self":[{"href":"https:\/\/archive.sana.sy\/es\/index.php?rest_route=\/wp\/v2\/posts\/27956"}],"collection":[{"href":"https:\/\/archive.sana.sy\/es\/index.php?rest_route=\/wp\/v2\/posts"}],"about":[{"href":"https:\/\/archive.sana.sy\/es\/index.php?rest_route=\/wp\/v2\/types\/post"}],"author":[{"embeddable":true,"href":"https:\/\/archive.sana.sy\/es\/index.php?rest_route=\/wp\/v2\/users\/1"}],"replies":[{"embeddable":true,"href":"https:\/\/archive.sana.sy\/es\/index.php?rest_route=%2Fwp%2Fv2%2Fcomments&post=27956"}],"version-history":[{"count":0,"href":"https:\/\/archive.sana.sy\/es\/index.php?rest_route=\/wp\/v2\/posts\/27956\/revisions"}],"wp:featuredmedia":[{"embeddable":true,"href":"https:\/\/archive.sana.sy\/es\/index.php?rest_route=\/wp\/v2\/media\/27957"}],"wp:attachment":[{"href":"https:\/\/archive.sana.sy\/es\/index.php?rest_route=%2Fwp%2Fv2%2Fmedia&parent=27956"}],"wp:term":[{"taxonomy":"category","embeddable":true,"href":"https:\/\/archive.sana.sy\/es\/index.php?rest_route=%2Fwp%2Fv2%2Fcategories&post=27956"},{"taxonomy":"post_tag","embeddable":true,"href":"https:\/\/archive.sana.sy\/es\/index.php?rest_route=%2Fwp%2Fv2%2Ftags&post=27956"}],"curies":[{"name":"wp","href":"https:\/\/api.w.org\/{rel}","templated":true}]}}