{"id":279938,"date":"2023-01-10T17:52:08","date_gmt":"2023-01-10T15:52:08","guid":{"rendered":"http:\/\/107.6.182.27\/es\/?p=279938"},"modified":"2023-01-12T14:39:21","modified_gmt":"2023-01-12T12:39:21","slug":"vicepresidente-de-duma-ruso-llama-a-esfuerzos-internacionales-para-evitar-una-catastrofe-nuclear-provocada-por-ucrania","status":"publish","type":"post","link":"https:\/\/archive.sana.sy\/es\/?p=279938","title":{"rendered":"Rusia llama a esfuerzos internacionales para evitar una cat\u00e1strofe nuclear provocada por el r\u00e9gimen de Kiev"},"content":{"rendered":"<p style=\"text-align: justify\"><span style=\"color: #800000\"><strong>Antalya, 10 ene (SANA)<\/strong> <\/span>El vicepresidente de Duma estatal de Rusia, Sergei Neverov, exigi\u00f3 la unificaci\u00f3n de esfuerzos internacionales para evitar una cat\u00e1strofe nuclear, como resultado del bombardeo ucraniano de la infraestructura de las centrales nucleares, incluida la planta de Zaporozhye.<\/p>\n<p style=\"text-align: justify\">\u201cEl r\u00e9gimen nazi de Kiev comete ataques terroristas contra civiles y bombardea la infraestructura vital de las plantas de energ\u00eda nuclear, y tales acciones puede conducir a una cat\u00e1strofe nuclear\u2026. Es necesario hacer algo para prevenir tales acciones\u201d, cit\u00f3 la agencia rusa RT a Neverov durante la sesi\u00f3n plenaria de la 13\u00aa Asamblea General de la Asamblea Parlamentaria Asi\u00e1tica celebrada en Antalya, Turqu\u00eda.<\/p>\n<p style=\"text-align: justify\">Critic\u00f3 que Washington impidi\u00f3 que el Consejo de Seguridad de la ONU adoptara una resoluci\u00f3n presentada por Rusia sobre la creaci\u00f3n de una comisi\u00f3n de investigaci\u00f3n acerca de las actividades biol\u00f3gicas militares estadounidenses en el territorio de Ucrania. \u201cMosc\u00fa se dio cuenta de que estas actividades representan una amenaza para toda la humanidad\u201d, subray\u00f3.<\/p>\n<p style=\"text-align: justify\">Agreg\u00f3 que los expertos rusos ya han desvelado la actividad biol\u00f3gica militar de EEUU en el territorio de Ucrania, y tambi\u00e9n las violaciones estadounidenses de la Convenci\u00f3n sobre la Prohibici\u00f3n del Desarrollo y Almacenamiento de Armas Qu\u00edmicas.<\/p>\n<p style=\"text-align: justify\">la<\/p>\n","protected":false},"excerpt":{"rendered":"<p>Antalya, 10 ene (SANA) El vicepresidente de Duma estatal de Rusia, Sergei Neverov, exigi\u00f3 la unificaci\u00f3n de esfuerzos internacionales para evitar una cat\u00e1strofe nuclear, como resultado del bombardeo ucraniano de la infraestructura de las centrales nucleares, incluida la planta de Zaporozhye. \u201cEl r\u00e9gimen nazi de Kiev comete ataques terroristas contra civiles y bombardea la infraestructura &hellip;<\/p>\n","protected":false},"author":24,"featured_media":279939,"comment_status":"closed","ping_status":"closed","sticky":false,"template":"","format":"standard","meta":{"footnotes":""},"categories":[597,456,20724,7541],"tags":[],"class_list":["post-279938","post","type-post","status-publish","format-standard","has-post-thumbnail","","category-cinta-de-noticias","category-arabe-internacional-politica","category-minuto-a-minuto","category-ultimas-noticias"],"_links":{"self":[{"href":"https:\/\/archive.sana.sy\/es\/index.php?rest_route=\/wp\/v2\/posts\/279938"}],"collection":[{"href":"https:\/\/archive.sana.sy\/es\/index.php?rest_route=\/wp\/v2\/posts"}],"about":[{"href":"https:\/\/archive.sana.sy\/es\/index.php?rest_route=\/wp\/v2\/types\/post"}],"author":[{"embeddable":true,"href":"https:\/\/archive.sana.sy\/es\/index.php?rest_route=\/wp\/v2\/users\/24"}],"replies":[{"embeddable":true,"href":"https:\/\/archive.sana.sy\/es\/index.php?rest_route=%2Fwp%2Fv2%2Fcomments&post=279938"}],"version-history":[{"count":0,"href":"https:\/\/archive.sana.sy\/es\/index.php?rest_route=\/wp\/v2\/posts\/279938\/revisions"}],"wp:featuredmedia":[{"embeddable":true,"href":"https:\/\/archive.sana.sy\/es\/index.php?rest_route=\/wp\/v2\/media\/279939"}],"wp:attachment":[{"href":"https:\/\/archive.sana.sy\/es\/index.php?rest_route=%2Fwp%2Fv2%2Fmedia&parent=279938"}],"wp:term":[{"taxonomy":"category","embeddable":true,"href":"https:\/\/archive.sana.sy\/es\/index.php?rest_route=%2Fwp%2Fv2%2Fcategories&post=279938"},{"taxonomy":"post_tag","embeddable":true,"href":"https:\/\/archive.sana.sy\/es\/index.php?rest_route=%2Fwp%2Fv2%2Ftags&post=279938"}],"curies":[{"name":"wp","href":"https:\/\/api.w.org\/{rel}","templated":true}]}}