{"id":279946,"date":"2023-01-10T18:40:29","date_gmt":"2023-01-10T16:40:29","guid":{"rendered":"http:\/\/107.6.182.27\/es\/?p=279946"},"modified":"2023-01-10T18:58:45","modified_gmt":"2023-01-10T16:58:45","slug":"campana-de-deteccion-de-cancer-en-homs-ofrecio-28-mil-servicios-gratuitos-a-mujeres-y-hombres","status":"publish","type":"post","link":"https:\/\/archive.sana.sy\/es\/?p=279946","title":{"rendered":"Campa\u00f1a de Detecci\u00f3n de C\u00e1ncer ofreci\u00f3 28 mil servicios gratuitos a mujeres y hombres en Homs"},"content":{"rendered":"<p style=\"text-align: justify\"><span style=\"color: #800000\"><strong>Homs, 10 ene (SANA)<\/strong><\/span> Se dio conclusi\u00f3n este martes en la provincia de Homs, a la Campa\u00f1a Nacional de Detecci\u00f3n del C\u00e1ncer, organizada por el Programa Nacional de Control del C\u00e1ncer.<\/p>\n<p style=\"text-align: justify\">La jornada que llev\u00f3 el t\u00edtulo de \u201cEn tu Conciencia radica tu Fuerza\u201d estaba destinada a prevenir contra tres tipos de c\u00e1ncer: mama, cuello uterino y pr\u00f3stata.<\/p>\n<p style=\"text-align: justify\">En este contexto, el director de la Direcci\u00f3n de Salud de Homs, Dr. Musallam al-Atassi, declar\u00f3 que dicha jornada prest\u00f3 m\u00e1s de 28 mil servicios a hombres y mujeres de diferentes edades, los cuales se beneficiaron de ex\u00e1menes m\u00e9dicos gratuitos en hospitales y centros de salud p\u00fablicos y privados.<\/p>\n<p style=\"text-align: justify\">En el marco de esta iniciativa, cuatro consultorios m\u00f3viles equipados de modernos dispositivos e insumos m\u00e9dicos recorrieron diversas zonas rurales y localidades de la provincia central, agreg\u00f3.<\/p>\n<p style=\"text-align: justify\">Aludi\u00f3 a la gran cantidad de personas que acudi\u00f3 en el \u00faltimo d\u00eda de la campa\u00f1a, por lo tanto los cuadros sanitarios y t\u00e9cnicos expresaron serio compromiso para poder llegar al mayor n\u00famero de beneficiarios.<\/p>\n<p style=\"text-align: justify\">la<\/p>\n","protected":false},"excerpt":{"rendered":"<p>Homs, 10 ene (SANA) Se dio conclusi\u00f3n este martes en la provincia de Homs, a la Campa\u00f1a Nacional de Detecci\u00f3n del C\u00e1ncer, organizada por el Programa Nacional de Control del C\u00e1ncer. La jornada que llev\u00f3 el t\u00edtulo de \u201cEn tu Conciencia radica tu Fuerza\u201d estaba destinada a prevenir contra tres tipos de c\u00e1ncer: mama, cuello &hellip;<\/p>\n","protected":false},"author":24,"featured_media":279947,"comment_status":"closed","ping_status":"closed","sticky":false,"template":"","format":"standard","meta":{"footnotes":""},"categories":[447,597,20724,476,448,7541],"tags":[],"class_list":["post-279946","post","type-post","status-publish","format-standard","has-post-thumbnail","","category-local-politica","category-cinta-de-noticias","category-minuto-a-minuto","category-locales","category-noticias","category-ultimas-noticias"],"_links":{"self":[{"href":"https:\/\/archive.sana.sy\/es\/index.php?rest_route=\/wp\/v2\/posts\/279946"}],"collection":[{"href":"https:\/\/archive.sana.sy\/es\/index.php?rest_route=\/wp\/v2\/posts"}],"about":[{"href":"https:\/\/archive.sana.sy\/es\/index.php?rest_route=\/wp\/v2\/types\/post"}],"author":[{"embeddable":true,"href":"https:\/\/archive.sana.sy\/es\/index.php?rest_route=\/wp\/v2\/users\/24"}],"replies":[{"embeddable":true,"href":"https:\/\/archive.sana.sy\/es\/index.php?rest_route=%2Fwp%2Fv2%2Fcomments&post=279946"}],"version-history":[{"count":0,"href":"https:\/\/archive.sana.sy\/es\/index.php?rest_route=\/wp\/v2\/posts\/279946\/revisions"}],"wp:featuredmedia":[{"embeddable":true,"href":"https:\/\/archive.sana.sy\/es\/index.php?rest_route=\/wp\/v2\/media\/279947"}],"wp:attachment":[{"href":"https:\/\/archive.sana.sy\/es\/index.php?rest_route=%2Fwp%2Fv2%2Fmedia&parent=279946"}],"wp:term":[{"taxonomy":"category","embeddable":true,"href":"https:\/\/archive.sana.sy\/es\/index.php?rest_route=%2Fwp%2Fv2%2Fcategories&post=279946"},{"taxonomy":"post_tag","embeddable":true,"href":"https:\/\/archive.sana.sy\/es\/index.php?rest_route=%2Fwp%2Fv2%2Ftags&post=279946"}],"curies":[{"name":"wp","href":"https:\/\/api.w.org\/{rel}","templated":true}]}}