{"id":279953,"date":"2023-01-10T19:44:05","date_gmt":"2023-01-10T17:44:05","guid":{"rendered":"http:\/\/107.6.182.27\/es\/?p=279953"},"modified":"2023-01-12T14:39:20","modified_gmt":"2023-01-12T12:39:20","slug":"ministra-de-exteriores-de-alemana-visita-el-este-de-ucrania","status":"publish","type":"post","link":"https:\/\/archive.sana.sy\/es\/?p=279953","title":{"rendered":"Ministra de Exteriores de Alemania visita el este de Ucrania"},"content":{"rendered":"<p style=\"text-align: justify\"><span style=\"color: #800000\"><strong>Mosc\u00fa, 10 ene (SANA)<\/strong><\/span> La ministra de Asuntos Exteriores de Alemania, Annalena Baerbock, realiz\u00f3 este martes una visita al este de Ucrania, seg\u00fan inform\u00f3 la agencia rusa Tass.<\/p>\n<p style=\"text-align: justify\">La visita se ha mantenido en secreto hasta el \u00faltimo momento por motivos de seguridad.<\/p>\n<p style=\"text-align: justify\">Baerbock aclar\u00f3 en declaraciones citadas por la Canciller\u00eda alemana que su visita se dio tras una invitaci\u00f3n de su par ucraniano Dmitry Kuleba, y tiene como objetivo examinar de cerca la situaci\u00f3n J\u00e1rkov y escuchar las demandas de sus habitantes.<\/p>\n<p style=\"text-align: justify\">&#8220;En todas las partes de Ucrania, desde Kharkov, Kherson hasta Kiev, la gente sabe que puede contar con nuestra solidaridad y apoyo. Eso se refiere a la ayuda que hemos brindado durante el invierno: generadores, transformadores, combustible y mantas ahora est\u00e1n salvando vidas en el terreno. Tambi\u00e9n es sobre nuevos suministros de armas, que Ucrania necesita&#8221;, subray\u00f3.<\/p>\n<p>Esta visita es la primera de un miembro del Ejecutivo alem\u00e1n desde el inicio de la operaci\u00f3n especial rusa en Ucrania.<\/p>\n<p style=\"text-align: justify\">la<\/p>\n","protected":false},"excerpt":{"rendered":"<p>Mosc\u00fa, 10 ene (SANA) La ministra de Asuntos Exteriores de Alemania, Annalena Baerbock, realiz\u00f3 este martes una visita al este de Ucrania, seg\u00fan inform\u00f3 la agencia rusa Tass. La visita se ha mantenido en secreto hasta el \u00faltimo momento por motivos de seguridad. Baerbock aclar\u00f3 en declaraciones citadas por la Canciller\u00eda alemana que su visita &hellip;<\/p>\n","protected":false},"author":24,"featured_media":279955,"comment_status":"closed","ping_status":"closed","sticky":false,"template":"","format":"standard","meta":{"footnotes":""},"categories":[447,597,456,20724,448],"tags":[],"class_list":["post-279953","post","type-post","status-publish","format-standard","has-post-thumbnail","","category-local-politica","category-cinta-de-noticias","category-arabe-internacional-politica","category-minuto-a-minuto","category-noticias"],"_links":{"self":[{"href":"https:\/\/archive.sana.sy\/es\/index.php?rest_route=\/wp\/v2\/posts\/279953"}],"collection":[{"href":"https:\/\/archive.sana.sy\/es\/index.php?rest_route=\/wp\/v2\/posts"}],"about":[{"href":"https:\/\/archive.sana.sy\/es\/index.php?rest_route=\/wp\/v2\/types\/post"}],"author":[{"embeddable":true,"href":"https:\/\/archive.sana.sy\/es\/index.php?rest_route=\/wp\/v2\/users\/24"}],"replies":[{"embeddable":true,"href":"https:\/\/archive.sana.sy\/es\/index.php?rest_route=%2Fwp%2Fv2%2Fcomments&post=279953"}],"version-history":[{"count":0,"href":"https:\/\/archive.sana.sy\/es\/index.php?rest_route=\/wp\/v2\/posts\/279953\/revisions"}],"wp:featuredmedia":[{"embeddable":true,"href":"https:\/\/archive.sana.sy\/es\/index.php?rest_route=\/wp\/v2\/media\/279955"}],"wp:attachment":[{"href":"https:\/\/archive.sana.sy\/es\/index.php?rest_route=%2Fwp%2Fv2%2Fmedia&parent=279953"}],"wp:term":[{"taxonomy":"category","embeddable":true,"href":"https:\/\/archive.sana.sy\/es\/index.php?rest_route=%2Fwp%2Fv2%2Fcategories&post=279953"},{"taxonomy":"post_tag","embeddable":true,"href":"https:\/\/archive.sana.sy\/es\/index.php?rest_route=%2Fwp%2Fv2%2Ftags&post=279953"}],"curies":[{"name":"wp","href":"https:\/\/api.w.org\/{rel}","templated":true}]}}