{"id":279959,"date":"2023-01-10T20:13:05","date_gmt":"2023-01-10T18:13:05","guid":{"rendered":"http:\/\/107.6.182.27\/es\/?p=279959"},"modified":"2023-01-12T14:39:20","modified_gmt":"2023-01-12T12:39:20","slug":"fuerzas-de-ocupacion-israelies-vuelven-a-arrestar-a-un-palestino-recien-liberado","status":"publish","type":"post","link":"https:\/\/archive.sana.sy\/es\/?p=279959","title":{"rendered":"Fuerzas de ocupaci\u00f3n israel\u00edes vuelven a arrestar a un palestino reci\u00e9n liberado"},"content":{"rendered":"<p style=\"text-align: justify;\"><span style=\"color: #800000;\"><strong>Jerusal\u00e9n ocupada, 10 ene (SANA)<\/strong><\/span> Esta tarde, las fuerzas de ocupaci\u00f3n israel\u00edes volvieron a arrestar a un palestino en el momento de su liberaci\u00f3n en Ramallah, Cisjordania.<\/p>\n<p style=\"text-align: justify;\">La agencia de noticias WAFA inform\u00f3 que las autoridades de la ocupaci\u00f3n volvieron a detener al prisionero de 51 a\u00f1os, Nabil Masalmeh, de Hebr\u00f3n, despu\u00e9s de haber pasado 23 a\u00f1os en sus centros de detenci\u00f3n, en el momento de su liberaci\u00f3n.<\/p>\n<p style=\"text-align: justify;\">Cabe se\u00f1alar que las fuerzas de ocupaci\u00f3n arrestaron a Masalmeh en 2000, durante el cual fue trasladado entre sus centros de detenci\u00f3n, el \u00faltimo de los cuales fue la prisi\u00f3n de \u201cN\u00e9guev\u201d.<\/p>\n<p>mm<\/p>\n","protected":false},"excerpt":{"rendered":"<p>Jerusal\u00e9n ocupada, 10 ene (SANA) Esta tarde, las fuerzas de ocupaci\u00f3n israel\u00edes volvieron a arrestar a un palestino en el momento de su liberaci\u00f3n en Ramallah, Cisjordania. La agencia de noticias WAFA inform\u00f3 que las autoridades de la ocupaci\u00f3n volvieron a detener al prisionero de 51 a\u00f1os, Nabil Masalmeh, de Hebr\u00f3n, despu\u00e9s de haber pasado &hellip;<\/p>\n","protected":false},"author":36,"featured_media":279960,"comment_status":"closed","ping_status":"closed","sticky":false,"template":"","format":"standard","meta":{"footnotes":""},"categories":[597,456,20724,457],"tags":[],"class_list":["post-279959","post","type-post","status-publish","format-standard","has-post-thumbnail","","category-cinta-de-noticias","category-arabe-internacional-politica","category-minuto-a-minuto","category-noticias-arabe-internacional-politica"],"_links":{"self":[{"href":"https:\/\/archive.sana.sy\/es\/index.php?rest_route=\/wp\/v2\/posts\/279959"}],"collection":[{"href":"https:\/\/archive.sana.sy\/es\/index.php?rest_route=\/wp\/v2\/posts"}],"about":[{"href":"https:\/\/archive.sana.sy\/es\/index.php?rest_route=\/wp\/v2\/types\/post"}],"author":[{"embeddable":true,"href":"https:\/\/archive.sana.sy\/es\/index.php?rest_route=\/wp\/v2\/users\/36"}],"replies":[{"embeddable":true,"href":"https:\/\/archive.sana.sy\/es\/index.php?rest_route=%2Fwp%2Fv2%2Fcomments&post=279959"}],"version-history":[{"count":0,"href":"https:\/\/archive.sana.sy\/es\/index.php?rest_route=\/wp\/v2\/posts\/279959\/revisions"}],"wp:featuredmedia":[{"embeddable":true,"href":"https:\/\/archive.sana.sy\/es\/index.php?rest_route=\/wp\/v2\/media\/279960"}],"wp:attachment":[{"href":"https:\/\/archive.sana.sy\/es\/index.php?rest_route=%2Fwp%2Fv2%2Fmedia&parent=279959"}],"wp:term":[{"taxonomy":"category","embeddable":true,"href":"https:\/\/archive.sana.sy\/es\/index.php?rest_route=%2Fwp%2Fv2%2Fcategories&post=279959"},{"taxonomy":"post_tag","embeddable":true,"href":"https:\/\/archive.sana.sy\/es\/index.php?rest_route=%2Fwp%2Fv2%2Ftags&post=279959"}],"curies":[{"name":"wp","href":"https:\/\/api.w.org\/{rel}","templated":true}]}}