{"id":27996,"date":"2015-08-08T17:52:07","date_gmt":"2015-08-08T14:52:07","guid":{"rendered":"http:\/\/sana.sy\/es\/?p=27996"},"modified":"2015-08-08T17:53:02","modified_gmt":"2015-08-08T14:53:02","slug":"eeuu-denuncia-rotundamente-el-secuestro-de-230-civiles-sirios-a-manos-del-estado-islamico","status":"publish","type":"post","link":"https:\/\/archive.sana.sy\/es\/?p=27996","title":{"rendered":"EEUU denuncia rotundamente el secuestro de 230 civiles sirios a manos del Estado Isl\u00e1mico"},"content":{"rendered":"<p><span style=\"color: #800000\">Washington, SANA<\/span><\/p>\n<p>EEUU denunci\u00f3 en\u00e9rgicamente el secuestro de 230 civiles por los terroristas del Estado Isl\u00e1mico de la ciudad siria de al-Qaryatein en el pasado jueves.<\/p>\n<p>En un comunicado publicado en el sitio web del Departamento de Estado de EEUU, su portavoz Mark Toner exigi\u00f3 la liberaci\u00f3n inmediata e incondicional de todos los civiles sirios retenidos por la organizaci\u00f3n terrorista del EI, enfatizando que esta acci\u00f3n demuestra una vez m\u00e1s la barbaridad de esta organizaci\u00f3n y sus tendencias criminales contra aquellos que se oponen a sus metas y creencias venenosas.<\/p>\n<p>&nbsp;<br \/>\nLynn A.<\/p>\n","protected":false},"excerpt":{"rendered":"<p>Washington, SANA EEUU denunci\u00f3 en\u00e9rgicamente el secuestro de 230 civiles por los terroristas del Estado Isl\u00e1mico de la ciudad siria de al-Qaryatein en el pasado jueves. En un comunicado publicado en el sitio web del Departamento de Estado de EEUU, su portavoz Mark Toner exigi\u00f3 la liberaci\u00f3n inmediata e incondicional de todos los civiles sirios &hellip;<\/p>\n","protected":false},"author":24,"featured_media":27997,"comment_status":"closed","ping_status":"closed","sticky":false,"template":"","format":"standard","meta":{"footnotes":""},"categories":[597,456,576],"tags":[6239],"class_list":["post-27996","post","type-post","status-publish","format-standard","has-post-thumbnail","","category-cinta-de-noticias","category-arabe-internacional-politica","category-noticias-politicas","tag-eeuu-denuncia-rotundamente-el-secuestro-de-230-civiles-sirios-a-manos-del-estado-islamico"],"_links":{"self":[{"href":"https:\/\/archive.sana.sy\/es\/index.php?rest_route=\/wp\/v2\/posts\/27996"}],"collection":[{"href":"https:\/\/archive.sana.sy\/es\/index.php?rest_route=\/wp\/v2\/posts"}],"about":[{"href":"https:\/\/archive.sana.sy\/es\/index.php?rest_route=\/wp\/v2\/types\/post"}],"author":[{"embeddable":true,"href":"https:\/\/archive.sana.sy\/es\/index.php?rest_route=\/wp\/v2\/users\/24"}],"replies":[{"embeddable":true,"href":"https:\/\/archive.sana.sy\/es\/index.php?rest_route=%2Fwp%2Fv2%2Fcomments&post=27996"}],"version-history":[{"count":0,"href":"https:\/\/archive.sana.sy\/es\/index.php?rest_route=\/wp\/v2\/posts\/27996\/revisions"}],"wp:featuredmedia":[{"embeddable":true,"href":"https:\/\/archive.sana.sy\/es\/index.php?rest_route=\/wp\/v2\/media\/27997"}],"wp:attachment":[{"href":"https:\/\/archive.sana.sy\/es\/index.php?rest_route=%2Fwp%2Fv2%2Fmedia&parent=27996"}],"wp:term":[{"taxonomy":"category","embeddable":true,"href":"https:\/\/archive.sana.sy\/es\/index.php?rest_route=%2Fwp%2Fv2%2Fcategories&post=27996"},{"taxonomy":"post_tag","embeddable":true,"href":"https:\/\/archive.sana.sy\/es\/index.php?rest_route=%2Fwp%2Fv2%2Ftags&post=27996"}],"curies":[{"name":"wp","href":"https:\/\/api.w.org\/{rel}","templated":true}]}}