{"id":280007,"date":"2023-01-11T10:31:36","date_gmt":"2023-01-11T08:31:36","guid":{"rendered":"http:\/\/107.6.182.27\/es\/?p=280007"},"modified":"2023-01-11T10:31:36","modified_gmt":"2023-01-11T08:31:36","slug":"perdemos-gente-a-diestra-y-siniestra-dice-un-embajador-ucraniano","status":"publish","type":"post","link":"https:\/\/archive.sana.sy\/es\/?p=280007","title":{"rendered":"&#8220;Perdemos gente a diestra y siniestra&#8221;, dice un embajador ucraniano"},"content":{"rendered":"<blockquote>\n<p style=\"text-align: justify;\"><span style=\"color: #000000;\"><em><strong>&#8220;Occidente tiene una oportunidad \u00fanica para hacerle frente a Rusia, pues &#8220;no hay muchas naciones en el mundo que se permitan sacrificar tantas vidas, territorios y d\u00e9cadas de desarrollo con el prop\u00f3sito de derrotar al archienemigo&#8221;<\/strong><\/em><\/span><\/p>\n<\/blockquote>\n<p style=\"text-align: justify;\"><span style=\"color: #800000;\"><strong>Londres, 11 ene (SANA)<\/strong><\/span> El embajador de Ucrania en Londres, Vadym Prystaiko, dijo en una entrevista a &#8216;Newsweek&#8217; que Kiev no ha informado las bajas que realmente ha sufrido por el conflicto con Rusia.<\/p>\n<p style=\"text-align: justify;\">En la entrevista, el funcionario ucraniano indic\u00f3 que Ucrania ha perdido a gente &#8220;a diestra y siniestra&#8221; durante el conflicto que lleva ya m\u00e1s de 10 meses, algo que, admiti\u00f3, no se informa con claridad.<\/p>\n<p style=\"text-align: justify;\">&#8220;Estamos perdiendo gente a diestra y siniestra. No anunciamos cu\u00e1ntas de las bajas son militares o civiles, pero pueden imaginar que los n\u00fameros son enormes&#8221;, asever\u00f3 Prystaiko citado por Sputnik.<\/p>\n<p style=\"text-align: justify;\">Sin emabrgo, el representante de Ucrania en Londres se\u00f1al\u00f3 que con el conflicto &#8220;Occidente tiene una oportunidad \u00fanica&#8221; para hacerle frente a Rusia.<\/p>\n<p style=\"text-align: justify;\">&#8220;No hay muchas naciones en el mundo que se permitan sacrificar tantas vidas, territorios y d\u00e9cadas de desarrollo con el prop\u00f3sito de derrotar al archienemigo&#8221;, asever\u00f3.<\/p>\n<p style=\"text-align: justify;\">fm\/as<\/p>\n","protected":false},"excerpt":{"rendered":"<p>&#8220;Occidente tiene una oportunidad \u00fanica para hacerle frente a Rusia, pues &#8220;no hay muchas naciones en el mundo que se permitan sacrificar tantas vidas, territorios y d\u00e9cadas de desarrollo con el prop\u00f3sito de derrotar al archienemigo&#8221; Londres, 11 ene (SANA) El embajador de Ucrania en Londres, Vadym Prystaiko, dijo en una entrevista a &#8216;Newsweek&#8217; que &hellip;<\/p>\n","protected":false},"author":42,"featured_media":280008,"comment_status":"closed","ping_status":"closed","sticky":false,"template":"","format":"standard","meta":{"footnotes":""},"categories":[597,456,20724,7541],"tags":[],"class_list":["post-280007","post","type-post","status-publish","format-standard","has-post-thumbnail","","category-cinta-de-noticias","category-arabe-internacional-politica","category-minuto-a-minuto","category-ultimas-noticias"],"_links":{"self":[{"href":"https:\/\/archive.sana.sy\/es\/index.php?rest_route=\/wp\/v2\/posts\/280007"}],"collection":[{"href":"https:\/\/archive.sana.sy\/es\/index.php?rest_route=\/wp\/v2\/posts"}],"about":[{"href":"https:\/\/archive.sana.sy\/es\/index.php?rest_route=\/wp\/v2\/types\/post"}],"author":[{"embeddable":true,"href":"https:\/\/archive.sana.sy\/es\/index.php?rest_route=\/wp\/v2\/users\/42"}],"replies":[{"embeddable":true,"href":"https:\/\/archive.sana.sy\/es\/index.php?rest_route=%2Fwp%2Fv2%2Fcomments&post=280007"}],"version-history":[{"count":0,"href":"https:\/\/archive.sana.sy\/es\/index.php?rest_route=\/wp\/v2\/posts\/280007\/revisions"}],"wp:featuredmedia":[{"embeddable":true,"href":"https:\/\/archive.sana.sy\/es\/index.php?rest_route=\/wp\/v2\/media\/280008"}],"wp:attachment":[{"href":"https:\/\/archive.sana.sy\/es\/index.php?rest_route=%2Fwp%2Fv2%2Fmedia&parent=280007"}],"wp:term":[{"taxonomy":"category","embeddable":true,"href":"https:\/\/archive.sana.sy\/es\/index.php?rest_route=%2Fwp%2Fv2%2Fcategories&post=280007"},{"taxonomy":"post_tag","embeddable":true,"href":"https:\/\/archive.sana.sy\/es\/index.php?rest_route=%2Fwp%2Fv2%2Ftags&post=280007"}],"curies":[{"name":"wp","href":"https:\/\/api.w.org\/{rel}","templated":true}]}}