{"id":280013,"date":"2023-01-11T11:07:54","date_gmt":"2023-01-11T09:07:54","guid":{"rendered":"http:\/\/107.6.182.27\/es\/?p=280013"},"modified":"2023-01-12T14:39:20","modified_gmt":"2023-01-12T12:39:20","slug":"ucrania-ya-es-similar-a-la-trampa-afgana-para-la-otan","status":"publish","type":"post","link":"https:\/\/archive.sana.sy\/es\/?p=280013","title":{"rendered":"Ucrania ya es similar a la trampa afgana para la OTAN"},"content":{"rendered":"<blockquote>\n<p style=\"text-align: justify;\"><strong>\u00a0El polit\u00f3logo coment\u00f3 que las \u00e9lites pol\u00edticas occidentales no supieron ver c\u00f3mo evitar la guerra, y no ven el hecho de que el mundo est\u00e1 pasando de forma bastante natural de un orden unipolar a un orden multipolar.<\/strong><\/p>\n<\/blockquote>\n<p style=\"text-align: justify;\">\n<span style=\"color: #800000;\"><strong>Mosc\u00fa, 11 ene (SANA)\u00a0<\/strong><\/span> \u00a0Oskar Krej\u0441\u00ed, un polit\u00f3logo checo afirm\u00f3 a &#8220;Parlament\u00ed listy&#8221; que el conflicto en torno a Ucrania se est\u00e1 convirtiendo en una trampa afgana para la OTAN.<\/p>\n<p style=\"text-align: justify;\">Citado por Sputnik, el polit\u00f3logo coment\u00f3 que las \u00e9lites pol\u00edticas occidentales no supieron ver c\u00f3mo evitar la guerra, y no ven el hecho de que el mundo est\u00e1 pasando de forma bastante natural de un orden unipolar a un orden multipolar.<\/p>\n<p style=\"text-align: justify;\">Este cambio, en su opini\u00f3n, es la consecuencia natural de los cambios econ\u00f3micos tanto en China, como en la India, Brasil y \u00c1frica.<\/p>\n<p style=\"text-align: justify;\">En cuanto a la relaci\u00f3n de la OTAN al conflicto armado, el analista lo compar\u00f3 con una &#8220;trampa&#8221;, recordando la retirada de la Alianza de la guerra en Afganist\u00e1n.<\/p>\n<p style=\"text-align: justify;\">&#8220;No hace mucho que la OTAN perdi\u00f3 la guerra en Afganist\u00e1n. O, por decirlo m\u00e1s suavemente, la Alianza del Atl\u00e1ntico Norte se dio cuenta de que no pod\u00eda ganar y se retir\u00f3 precipitadamente del campo de batalla. \u00bfHan o\u00eddo alguna vez a alguien discutir por qu\u00e9, tras dos d\u00e9cadas de lucha, este era el final? \u00bfHan o\u00eddo hablar a alguien de c\u00f3mo no caer en semejante trampa y arrojar vidas humanas y dinero al mismo agujero en el futuro? \u00bfNo es el conflicto de Ucrania similar a la trampa afgana?&#8221;, pregunt\u00f3 de una manera ret\u00f3rica.<\/p>\n<p style=\"text-align: justify;\">fm\/ed<\/p>\n","protected":false},"excerpt":{"rendered":"<p>\u00a0El polit\u00f3logo coment\u00f3 que las \u00e9lites pol\u00edticas occidentales no supieron ver c\u00f3mo evitar la guerra, y no ven el hecho de que el mundo est\u00e1 pasando de forma bastante natural de un orden unipolar a un orden multipolar. Mosc\u00fa, 11 ene (SANA)\u00a0 \u00a0Oskar Krej\u0441\u00ed, un polit\u00f3logo checo afirm\u00f3 a &#8220;Parlament\u00ed listy&#8221; que el conflicto en &hellip;<\/p>\n","protected":false},"author":32,"featured_media":280014,"comment_status":"closed","ping_status":"closed","sticky":false,"template":"","format":"standard","meta":{"footnotes":""},"categories":[597,456,20724,7541],"tags":[],"class_list":["post-280013","post","type-post","status-publish","format-standard","has-post-thumbnail","","category-cinta-de-noticias","category-arabe-internacional-politica","category-minuto-a-minuto","category-ultimas-noticias"],"_links":{"self":[{"href":"https:\/\/archive.sana.sy\/es\/index.php?rest_route=\/wp\/v2\/posts\/280013"}],"collection":[{"href":"https:\/\/archive.sana.sy\/es\/index.php?rest_route=\/wp\/v2\/posts"}],"about":[{"href":"https:\/\/archive.sana.sy\/es\/index.php?rest_route=\/wp\/v2\/types\/post"}],"author":[{"embeddable":true,"href":"https:\/\/archive.sana.sy\/es\/index.php?rest_route=\/wp\/v2\/users\/32"}],"replies":[{"embeddable":true,"href":"https:\/\/archive.sana.sy\/es\/index.php?rest_route=%2Fwp%2Fv2%2Fcomments&post=280013"}],"version-history":[{"count":0,"href":"https:\/\/archive.sana.sy\/es\/index.php?rest_route=\/wp\/v2\/posts\/280013\/revisions"}],"wp:featuredmedia":[{"embeddable":true,"href":"https:\/\/archive.sana.sy\/es\/index.php?rest_route=\/wp\/v2\/media\/280014"}],"wp:attachment":[{"href":"https:\/\/archive.sana.sy\/es\/index.php?rest_route=%2Fwp%2Fv2%2Fmedia&parent=280013"}],"wp:term":[{"taxonomy":"category","embeddable":true,"href":"https:\/\/archive.sana.sy\/es\/index.php?rest_route=%2Fwp%2Fv2%2Fcategories&post=280013"},{"taxonomy":"post_tag","embeddable":true,"href":"https:\/\/archive.sana.sy\/es\/index.php?rest_route=%2Fwp%2Fv2%2Ftags&post=280013"}],"curies":[{"name":"wp","href":"https:\/\/api.w.org\/{rel}","templated":true}]}}