{"id":280017,"date":"2023-01-11T12:02:06","date_gmt":"2023-01-11T10:02:06","guid":{"rendered":"http:\/\/107.6.182.27\/es\/?p=280017"},"modified":"2023-01-12T14:39:19","modified_gmt":"2023-01-12T12:39:19","slug":"los-recientes-desarrollos-de-la-operacion-militar-especial-rusa-en-ucrania-4","status":"publish","type":"post","link":"https:\/\/archive.sana.sy\/es\/?p=280017","title":{"rendered":"Los recientes desarrollos de la operaci\u00f3n militar especial rusa en Ucrania"},"content":{"rendered":"<p style=\"text-align: justify;\"><span style=\"color: #800000;\"><strong>Mosc\u00fa, 11 ene (SANA)<\/strong><\/span><\/p>\n<p style=\"text-align: justify;\">????????Las fuerzas rusas toman el control del centro de la ciudad de Soledar.<\/p>\n<p style=\"text-align: justify;\">????????\u00bfPor qu\u00e9 la ciudad de Bajmut es clave para la liberaci\u00f3n del Donb\u00e1s?<\/p>\n<p style=\"text-align: justify;\">????????Perdemos gente a diestra y siniestra\u201d, dice un embajador ucraniano<\/p>\n<p style=\"text-align: justify;\">????????Ucrania ya es similar a la trampa afgana para la OTAN.<\/p>\n<p style=\"text-align: justify;\">????????Entrenar a ucranianos para usar los sistemas Patriot confirma papel de EE.UU. en conflicto, afirma diplom\u00e1tico.<\/p>\n<p style=\"text-align: justify;\">????????El ej\u00e9rcito ruso comenz\u00f3 a utilizar helic\u00f3pteros equipados con nuevos misiles (KM-52).<\/p>\n<p style=\"text-align: justify;\">ed\/fm<\/p>\n","protected":false},"excerpt":{"rendered":"<p>Mosc\u00fa, 11 ene (SANA) ????????Las fuerzas rusas toman el control del centro de la ciudad de Soledar. ????????\u00bfPor qu\u00e9 la ciudad de Bajmut es clave para la liberaci\u00f3n del Donb\u00e1s? ????????Perdemos gente a diestra y siniestra\u201d, dice un embajador ucraniano ????????Ucrania ya es similar a la trampa afgana para la OTAN. ????????Entrenar a ucranianos para &hellip;<\/p>\n","protected":false},"author":32,"featured_media":280018,"comment_status":"closed","ping_status":"closed","sticky":false,"template":"","format":"standard","meta":{"footnotes":""},"categories":[597,456,7541],"tags":[],"class_list":["post-280017","post","type-post","status-publish","format-standard","has-post-thumbnail","","category-cinta-de-noticias","category-arabe-internacional-politica","category-ultimas-noticias"],"_links":{"self":[{"href":"https:\/\/archive.sana.sy\/es\/index.php?rest_route=\/wp\/v2\/posts\/280017"}],"collection":[{"href":"https:\/\/archive.sana.sy\/es\/index.php?rest_route=\/wp\/v2\/posts"}],"about":[{"href":"https:\/\/archive.sana.sy\/es\/index.php?rest_route=\/wp\/v2\/types\/post"}],"author":[{"embeddable":true,"href":"https:\/\/archive.sana.sy\/es\/index.php?rest_route=\/wp\/v2\/users\/32"}],"replies":[{"embeddable":true,"href":"https:\/\/archive.sana.sy\/es\/index.php?rest_route=%2Fwp%2Fv2%2Fcomments&post=280017"}],"version-history":[{"count":0,"href":"https:\/\/archive.sana.sy\/es\/index.php?rest_route=\/wp\/v2\/posts\/280017\/revisions"}],"wp:featuredmedia":[{"embeddable":true,"href":"https:\/\/archive.sana.sy\/es\/index.php?rest_route=\/wp\/v2\/media\/280018"}],"wp:attachment":[{"href":"https:\/\/archive.sana.sy\/es\/index.php?rest_route=%2Fwp%2Fv2%2Fmedia&parent=280017"}],"wp:term":[{"taxonomy":"category","embeddable":true,"href":"https:\/\/archive.sana.sy\/es\/index.php?rest_route=%2Fwp%2Fv2%2Fcategories&post=280017"},{"taxonomy":"post_tag","embeddable":true,"href":"https:\/\/archive.sana.sy\/es\/index.php?rest_route=%2Fwp%2Fv2%2Ftags&post=280017"}],"curies":[{"name":"wp","href":"https:\/\/api.w.org\/{rel}","templated":true}]}}