{"id":280020,"date":"2023-01-11T12:10:45","date_gmt":"2023-01-11T10:10:45","guid":{"rendered":"http:\/\/107.6.182.27\/es\/?p=280020"},"modified":"2023-01-12T14:39:19","modified_gmt":"2023-01-12T12:39:19","slug":"donetsk-anuncia-la-liberacion-de-podgorodnoye-de-las-fuerzas-ucranianas","status":"publish","type":"post","link":"https:\/\/archive.sana.sy\/es\/?p=280020","title":{"rendered":"Donetsk anuncia la liberaci\u00f3n de Podgorodnoye de las fuerzas ucranianas"},"content":{"rendered":"<p style=\"text-align: justify;\"><span style=\"color: #800000;\"><strong>Donetsk,11 ene (SANA)\u00a0<\/strong> <\/span>\u00a0 El cuartel general de defensa regional de la Rep\u00fablica Popular de Donetsk anunci\u00f3 la liberaci\u00f3n de la ciudad de Podgorodnoye en la regi\u00f3n de Soledar.<\/p>\n<p style=\"text-align: justify;\">\u201cLas fuerzas armadas rusas liberaron la ciudad de Podgorodnoye, al suroeste de la ciudad de Soledar, en el territorio de la Rep\u00fablica Popular de Donetsk\u201d, inform\u00f3 Sputnik citando al cuartel general.<\/p>\n<p style=\"text-align: justify;\">Esto ocurri\u00f3 tras el anuncio del presidente de la Rep\u00fablica Popular de Donetsk, Denis Pushilin, de que la ciudad de Soledar dentro de la rep\u00fablica est\u00e1 ya bajo el control de las fuerzas rusas.<\/p>\n<p style=\"text-align: justify;\">ed\/fm<\/p>\n","protected":false},"excerpt":{"rendered":"<p>Donetsk,11 ene (SANA)\u00a0 \u00a0 El cuartel general de defensa regional de la Rep\u00fablica Popular de Donetsk anunci\u00f3 la liberaci\u00f3n de la ciudad de Podgorodnoye en la regi\u00f3n de Soledar. \u201cLas fuerzas armadas rusas liberaron la ciudad de Podgorodnoye, al suroeste de la ciudad de Soledar, en el territorio de la Rep\u00fablica Popular de Donetsk\u201d, inform\u00f3 &hellip;<\/p>\n","protected":false},"author":32,"featured_media":280021,"comment_status":"closed","ping_status":"closed","sticky":false,"template":"","format":"standard","meta":{"footnotes":""},"categories":[597,456,20724,7541],"tags":[21732],"class_list":["post-280020","post","type-post","status-publish","format-standard","has-post-thumbnail","","category-cinta-de-noticias","category-arabe-internacional-politica","category-minuto-a-minuto","category-ultimas-noticias","tag-soledar"],"_links":{"self":[{"href":"https:\/\/archive.sana.sy\/es\/index.php?rest_route=\/wp\/v2\/posts\/280020"}],"collection":[{"href":"https:\/\/archive.sana.sy\/es\/index.php?rest_route=\/wp\/v2\/posts"}],"about":[{"href":"https:\/\/archive.sana.sy\/es\/index.php?rest_route=\/wp\/v2\/types\/post"}],"author":[{"embeddable":true,"href":"https:\/\/archive.sana.sy\/es\/index.php?rest_route=\/wp\/v2\/users\/32"}],"replies":[{"embeddable":true,"href":"https:\/\/archive.sana.sy\/es\/index.php?rest_route=%2Fwp%2Fv2%2Fcomments&post=280020"}],"version-history":[{"count":0,"href":"https:\/\/archive.sana.sy\/es\/index.php?rest_route=\/wp\/v2\/posts\/280020\/revisions"}],"wp:featuredmedia":[{"embeddable":true,"href":"https:\/\/archive.sana.sy\/es\/index.php?rest_route=\/wp\/v2\/media\/280021"}],"wp:attachment":[{"href":"https:\/\/archive.sana.sy\/es\/index.php?rest_route=%2Fwp%2Fv2%2Fmedia&parent=280020"}],"wp:term":[{"taxonomy":"category","embeddable":true,"href":"https:\/\/archive.sana.sy\/es\/index.php?rest_route=%2Fwp%2Fv2%2Fcategories&post=280020"},{"taxonomy":"post_tag","embeddable":true,"href":"https:\/\/archive.sana.sy\/es\/index.php?rest_route=%2Fwp%2Fv2%2Ftags&post=280020"}],"curies":[{"name":"wp","href":"https:\/\/api.w.org\/{rel}","templated":true}]}}