{"id":280039,"date":"2023-01-11T14:10:03","date_gmt":"2023-01-11T12:10:03","guid":{"rendered":"http:\/\/107.6.182.27\/es\/?p=280039"},"modified":"2023-01-11T19:57:30","modified_gmt":"2023-01-11T17:57:30","slug":"las-fuerzas-rusas-cierran-los-accesos-norte-y-sur-de-soledar-y-neutralizan-a-mas-de-55-militares-de-kiev","status":"publish","type":"post","link":"https:\/\/archive.sana.sy\/es\/?p=280039","title":{"rendered":"Las fuerzas rusas cierran los accesos norte y sur de Soledar y neutralizan a m\u00e1s de 55 militares de Kiev"},"content":{"rendered":"<p style=\"text-align: justify;\"><span style=\"color: #800000;\"><strong>Mosc\u00fa, 11 ene (SANA)\u00a0<\/strong><\/span> El Ministerio de Defensa de Rusia anunci\u00f3 hoy que unidades de las Fuerzas Aerotransportadas de Rusia cerraron las entradas norte y sur de la ciudad de Soledar y liberaron la ciudad de Podgorodnoye.<\/p>\n<p style=\"text-align: justify;\">En su informe diario sobre el avance de la operaci\u00f3n militar especial, el Ministerio indic\u00f3 que m\u00e1s de 55 uniformados ucranianos fueron eliminados, y dos blindados fueron destruidos en los ejes de Kobyansk y Donetsk, mientras un avi\u00f3n de combate ucraniano Su-27 fue derribado en la Rep\u00fablica de Donetsk.<\/p>\n<p style=\"text-align: justify;\">En el mismo eje, se destruy\u00f3 un sistema de artiller\u00eda M777 de fabricaci\u00f3n estadounidense cerca de la localidad de Bilohorivka, otros dos sistemas de artiller\u00edas fueron destruidos en el \u00e1rea de Raigorodok, adem\u00e1s de un ob\u00fas en el \u00e1rea de Kolodzi.<\/p>\n<p style=\"text-align: justify;\">Asimismo, se destruyeron obuses D-30 en las regiones de Kharkov y Pobeda, y obuses en la regi\u00f3n de Pavlovka, adem\u00e1s del derribo de dos drones y la interceptaci\u00f3n de 5 misiles de los lanzadores \u201cHimars\u201d y \u201cVilkha\u201d.<\/p>\n<p style=\"text-align: justify;\">En el frente de la Rep\u00fablica Popular de Lugansk, el informe indica la liquidaci\u00f3n de cuatro grupos de sabotaje y reconocimiento de las fuerzas armadas de Ucrania, ya que las p\u00e9rdidas sufridas por esas fuerzas en esta direcci\u00f3n ascendieron a 90 soldados, y dos carros blindados de combate y 3 veh\u00edculos fueron neutralizados.<\/p>\n<p><em>fm\/ mm<\/em><\/p>\n","protected":false},"excerpt":{"rendered":"<p>Mosc\u00fa, 11 ene (SANA)\u00a0 El Ministerio de Defensa de Rusia anunci\u00f3 hoy que unidades de las Fuerzas Aerotransportadas de Rusia cerraron las entradas norte y sur de la ciudad de Soledar y liberaron la ciudad de Podgorodnoye. En su informe diario sobre el avance de la operaci\u00f3n militar especial, el Ministerio indic\u00f3 que m\u00e1s de &hellip;<\/p>\n","protected":false},"author":32,"featured_media":280040,"comment_status":"closed","ping_status":"closed","sticky":false,"template":"","format":"standard","meta":{"footnotes":""},"categories":[597,456,20724,583],"tags":[],"class_list":["post-280039","post","type-post","status-publish","format-standard","has-post-thumbnail","","category-cinta-de-noticias","category-arabe-internacional-politica","category-minuto-a-minuto","category-slide"],"_links":{"self":[{"href":"https:\/\/archive.sana.sy\/es\/index.php?rest_route=\/wp\/v2\/posts\/280039"}],"collection":[{"href":"https:\/\/archive.sana.sy\/es\/index.php?rest_route=\/wp\/v2\/posts"}],"about":[{"href":"https:\/\/archive.sana.sy\/es\/index.php?rest_route=\/wp\/v2\/types\/post"}],"author":[{"embeddable":true,"href":"https:\/\/archive.sana.sy\/es\/index.php?rest_route=\/wp\/v2\/users\/32"}],"replies":[{"embeddable":true,"href":"https:\/\/archive.sana.sy\/es\/index.php?rest_route=%2Fwp%2Fv2%2Fcomments&post=280039"}],"version-history":[{"count":0,"href":"https:\/\/archive.sana.sy\/es\/index.php?rest_route=\/wp\/v2\/posts\/280039\/revisions"}],"wp:featuredmedia":[{"embeddable":true,"href":"https:\/\/archive.sana.sy\/es\/index.php?rest_route=\/wp\/v2\/media\/280040"}],"wp:attachment":[{"href":"https:\/\/archive.sana.sy\/es\/index.php?rest_route=%2Fwp%2Fv2%2Fmedia&parent=280039"}],"wp:term":[{"taxonomy":"category","embeddable":true,"href":"https:\/\/archive.sana.sy\/es\/index.php?rest_route=%2Fwp%2Fv2%2Fcategories&post=280039"},{"taxonomy":"post_tag","embeddable":true,"href":"https:\/\/archive.sana.sy\/es\/index.php?rest_route=%2Fwp%2Fv2%2Ftags&post=280039"}],"curies":[{"name":"wp","href":"https:\/\/api.w.org\/{rel}","templated":true}]}}