{"id":28006,"date":"2015-08-08T19:28:46","date_gmt":"2015-08-08T16:28:46","guid":{"rendered":"http:\/\/sana.sy\/es\/?p=28006"},"modified":"2015-08-08T19:31:25","modified_gmt":"2015-08-08T16:31:25","slug":"iran-pide-a-sus-ciudadanos-no-viajar-a-turquia-por-via-terrestre","status":"publish","type":"post","link":"https:\/\/archive.sana.sy\/es\/?p=28006","title":{"rendered":"Ir\u00e1n pide a sus ciudadanos no viajar a Turqu\u00eda por v\u00eda terrestre"},"content":{"rendered":"<p><span style=\"color: #800000\">Teher\u00e1n, SANA<\/span><\/p>\n<p style=\"text-align: justify\">En un comunicado emitido hoy s\u00e1bado por la Canciller\u00eda iran\u00ed, el pa\u00eds persa pidi\u00f3 a sus ciudadanos no viajar a Turqu\u00eda por v\u00eda terrestre, y si fuera necesario el viaje que ser\u00eda por v\u00eda a\u00e9rea.<\/p>\n<p style=\"text-align: justify\">\u201cTeniendo en cuenta las recientes movilizaciones e inseguridades sucedidas en la zona oriental de Turqu\u00eda, recomendamos a nuestros ciudadanos que pretenden viajar a Turqu\u00eda evitar la v\u00eda terrestre hasta un nuevo aviso y de ser posible viajar por aire\u201d, afirma un comunicado emitido por la Canciller\u00eda iran\u00ed.<\/p>\n<p style=\"text-align: justify\">La medida iran\u00ed es consecuencia del reciente ataque armado contra un autob\u00fas iran\u00ed en el este de Turqu\u00eda, donde una persona perdi\u00f3 la vida y otras tres resultaron heridas el viernes.<\/p>\n<p style=\"text-align: justify\">Cabe se\u00f1alar que un ciudadano iran\u00ed y un sargento turco han perdido la vida durante un ataque de hombres armados desconocidos en el este de Turqu\u00eda.<\/p>\n<p style=\"text-align: justify\"><a href=\"http:\/\/sana.sy\/es\/?attachment_id=28009\" rel=\"attachment wp-att-28009\"><img loading=\"lazy\" decoding=\"async\" class=\" size-medium wp-image-28009 aligncenter\" src=\"http:\/\/sana.sy\/es\/wp-content\/uploads\/2015\/08\/\u0627\u064a\u0631\u0627\u06461-300x160.jpg\" alt=\"\u0627\u064a\u0631\u0627\u0646\" width=\"300\" height=\"160\" srcset=\"https:\/\/archive.sana.sy\/es\/wp-content\/uploads\/2015\/08\/\u0627\u064a\u0631\u0627\u06461-300x160.jpg 300w, https:\/\/archive.sana.sy\/es\/wp-content\/uploads\/2015\/08\/\u0627\u064a\u0631\u0627\u06461-150x80.jpg 150w, https:\/\/archive.sana.sy\/es\/wp-content\/uploads\/2015\/08\/\u0627\u064a\u0631\u0627\u06461.jpg 620w\" sizes=\"(max-width: 300px) 100vw, 300px\" \/><\/a><\/p>\n<p style=\"text-align: justify\">Adem\u00e1s, otros tres ciudadanos iran\u00edes han resultado heridos en el ataque contra un autob\u00fas que cubr\u00eda la ruta de Dogubeyazit hasta la ciudad turca de Van, en el este de ese pa\u00eds.<\/p>\n<p>M.Miri<\/p>\n","protected":false},"excerpt":{"rendered":"<p>Teher\u00e1n, SANA En un comunicado emitido hoy s\u00e1bado por la Canciller\u00eda iran\u00ed, el pa\u00eds persa pidi\u00f3 a sus ciudadanos no viajar a Turqu\u00eda por v\u00eda terrestre, y si fuera necesario el viaje que ser\u00eda por v\u00eda a\u00e9rea. \u201cTeniendo en cuenta las recientes movilizaciones e inseguridades sucedidas en la zona oriental de Turqu\u00eda, recomendamos a nuestros &hellip;<\/p>\n","protected":false},"author":1,"featured_media":28011,"comment_status":"closed","ping_status":"closed","sticky":false,"template":"","format":"standard","meta":{"footnotes":""},"categories":[456,457],"tags":[6241],"class_list":["post-28006","post","type-post","status-publish","format-standard","has-post-thumbnail","","category-arabe-internacional-politica","category-noticias-arabe-internacional-politica","tag-iran-pide-a-sus-ciudadanos-no-viajar-a-turquia-por-via-terrestre"],"_links":{"self":[{"href":"https:\/\/archive.sana.sy\/es\/index.php?rest_route=\/wp\/v2\/posts\/28006"}],"collection":[{"href":"https:\/\/archive.sana.sy\/es\/index.php?rest_route=\/wp\/v2\/posts"}],"about":[{"href":"https:\/\/archive.sana.sy\/es\/index.php?rest_route=\/wp\/v2\/types\/post"}],"author":[{"embeddable":true,"href":"https:\/\/archive.sana.sy\/es\/index.php?rest_route=\/wp\/v2\/users\/1"}],"replies":[{"embeddable":true,"href":"https:\/\/archive.sana.sy\/es\/index.php?rest_route=%2Fwp%2Fv2%2Fcomments&post=28006"}],"version-history":[{"count":0,"href":"https:\/\/archive.sana.sy\/es\/index.php?rest_route=\/wp\/v2\/posts\/28006\/revisions"}],"wp:featuredmedia":[{"embeddable":true,"href":"https:\/\/archive.sana.sy\/es\/index.php?rest_route=\/wp\/v2\/media\/28011"}],"wp:attachment":[{"href":"https:\/\/archive.sana.sy\/es\/index.php?rest_route=%2Fwp%2Fv2%2Fmedia&parent=28006"}],"wp:term":[{"taxonomy":"category","embeddable":true,"href":"https:\/\/archive.sana.sy\/es\/index.php?rest_route=%2Fwp%2Fv2%2Fcategories&post=28006"},{"taxonomy":"post_tag","embeddable":true,"href":"https:\/\/archive.sana.sy\/es\/index.php?rest_route=%2Fwp%2Fv2%2Ftags&post=28006"}],"curies":[{"name":"wp","href":"https:\/\/api.w.org\/{rel}","templated":true}]}}