{"id":280091,"date":"2023-01-11T18:49:16","date_gmt":"2023-01-11T16:49:16","guid":{"rendered":"http:\/\/107.6.182.27\/es\/?p=280091"},"modified":"2023-01-12T14:39:18","modified_gmt":"2023-01-12T12:39:18","slug":"fuerzas-de-ocupacion-israelies-hieren-a-un-palestino-en-hebron","status":"publish","type":"post","link":"https:\/\/archive.sana.sy\/es\/?p=280091","title":{"rendered":"Fuerzas de ocupaci\u00f3n israel\u00edes hieren a un palestino en Hebr\u00f3n"},"content":{"rendered":"<p style=\"text-align: justify;\"><span style=\"color: #800000;\"><strong>Jerusal\u00e9n ocupada, 11 ene (SANA)<\/strong><\/span> Un palestino result\u00f3 herido esta noche por las balas de las fuerzas de ocupaci\u00f3n israel\u00edes en Hebr\u00f3n, en Cisjordania.<\/p>\n<p style=\"text-align: justify;\">Las fuerzas de ocupaci\u00f3n dispararon contra un joven palestino al sur de Hebr\u00f3n, hiri\u00e9ndolo e impidiendo que los equipos m\u00e9dicos\u00a0 lo atendieran, detall\u00f3 la agencia palestina de prensa WAFA.<\/p>\n<p style=\"text-align: justify;\">M\u00e1s temprano de este mi\u00e9rcoles, un joven palestino muri\u00f3 a causa de sus heridas sufridas por balas israel\u00edes, despu\u00e9s de que las fuerzas de ocupaci\u00f3n asaltaran esta ma\u00f1ana el campo de refugiados de Balata, al este de Naplusa, en Cisjordania.<\/p>\n<p>&nbsp;<\/p>\n<p><em>mm<\/em><\/p>\n","protected":false},"excerpt":{"rendered":"<p>Jerusal\u00e9n ocupada, 11 ene (SANA) Un palestino result\u00f3 herido esta noche por las balas de las fuerzas de ocupaci\u00f3n israel\u00edes en Hebr\u00f3n, en Cisjordania. Las fuerzas de ocupaci\u00f3n dispararon contra un joven palestino al sur de Hebr\u00f3n, hiri\u00e9ndolo e impidiendo que los equipos m\u00e9dicos\u00a0 lo atendieran, detall\u00f3 la agencia palestina de prensa WAFA. M\u00e1s temprano &hellip;<\/p>\n","protected":false},"author":36,"featured_media":280092,"comment_status":"closed","ping_status":"closed","sticky":false,"template":"","format":"standard","meta":{"footnotes":""},"categories":[597,456,20724,457],"tags":[],"class_list":["post-280091","post","type-post","status-publish","format-standard","has-post-thumbnail","","category-cinta-de-noticias","category-arabe-internacional-politica","category-minuto-a-minuto","category-noticias-arabe-internacional-politica"],"_links":{"self":[{"href":"https:\/\/archive.sana.sy\/es\/index.php?rest_route=\/wp\/v2\/posts\/280091"}],"collection":[{"href":"https:\/\/archive.sana.sy\/es\/index.php?rest_route=\/wp\/v2\/posts"}],"about":[{"href":"https:\/\/archive.sana.sy\/es\/index.php?rest_route=\/wp\/v2\/types\/post"}],"author":[{"embeddable":true,"href":"https:\/\/archive.sana.sy\/es\/index.php?rest_route=\/wp\/v2\/users\/36"}],"replies":[{"embeddable":true,"href":"https:\/\/archive.sana.sy\/es\/index.php?rest_route=%2Fwp%2Fv2%2Fcomments&post=280091"}],"version-history":[{"count":0,"href":"https:\/\/archive.sana.sy\/es\/index.php?rest_route=\/wp\/v2\/posts\/280091\/revisions"}],"wp:featuredmedia":[{"embeddable":true,"href":"https:\/\/archive.sana.sy\/es\/index.php?rest_route=\/wp\/v2\/media\/280092"}],"wp:attachment":[{"href":"https:\/\/archive.sana.sy\/es\/index.php?rest_route=%2Fwp%2Fv2%2Fmedia&parent=280091"}],"wp:term":[{"taxonomy":"category","embeddable":true,"href":"https:\/\/archive.sana.sy\/es\/index.php?rest_route=%2Fwp%2Fv2%2Fcategories&post=280091"},{"taxonomy":"post_tag","embeddable":true,"href":"https:\/\/archive.sana.sy\/es\/index.php?rest_route=%2Fwp%2Fv2%2Ftags&post=280091"}],"curies":[{"name":"wp","href":"https:\/\/api.w.org\/{rel}","templated":true}]}}