{"id":28033,"date":"2015-08-08T23:04:14","date_gmt":"2015-08-08T20:04:14","guid":{"rendered":"http:\/\/sana.sy\/es\/?p=28033"},"modified":"2015-08-08T23:09:05","modified_gmt":"2015-08-08T20:09:05","slug":"un-casco-azul-ruandes-mata-a-cuatro-companeros-y-se-suicida","status":"publish","type":"post","link":"https:\/\/archive.sana.sy\/es\/?p=28033","title":{"rendered":"Un casco azul ruand\u00e9s mata a cuatro compa\u00f1eros y se suicida"},"content":{"rendered":"<p><span style=\"color: #800000\">Bangui, SANA<\/span><\/p>\n<p style=\"text-align: justify\">Un soldado ruand\u00e9s de la misi\u00f3n de estabilizaci\u00f3n de la ONU en Rep\u00fablica Centroafricana (MINUSCA) mat\u00f3 a tiros a cuatro de sus compa\u00f1eros en Bangui y se suicid\u00f3, seg\u00fan han confirmado fuentes militares.<\/p>\n<p style=\"text-align: justify\">El incidente, en el que tambi\u00e9n resultaron heridos otros ocho soldados, ocurri\u00f3 cerca de las 06.00 hora local (05.00 GMT) en la zona que ocupan los soldados ruandeses en el cuartel de la misi\u00f3n y, seg\u00fan las citadas fuentes, podr\u00eda tratarse de un acto terrorista.<\/p>\n<p style=\"text-align: justify\">Las tropas internacionales llegaron la Rep\u00fablica Centroafricana para aplacar la guerra civil que sufr\u00eda en 2013.<\/p>\n<p>M.Miri<\/p>\n","protected":false},"excerpt":{"rendered":"<p>Bangui, SANA Un soldado ruand\u00e9s de la misi\u00f3n de estabilizaci\u00f3n de la ONU en Rep\u00fablica Centroafricana (MINUSCA) mat\u00f3 a tiros a cuatro de sus compa\u00f1eros en Bangui y se suicid\u00f3, seg\u00fan han confirmado fuentes militares. El incidente, en el que tambi\u00e9n resultaron heridos otros ocho soldados, ocurri\u00f3 cerca de las 06.00 hora local (05.00 GMT) &hellip;<\/p>\n","protected":false},"author":1,"featured_media":9511,"comment_status":"closed","ping_status":"closed","sticky":false,"template":"","format":"standard","meta":{"footnotes":""},"categories":[1],"tags":[6246],"class_list":["post-28033","post","type-post","status-publish","format-standard","has-post-thumbnail","","category-news-not-sorted","tag-un-casco-azul-ruandes-mata-a-cuatro-companeros-y-se-suicida"],"_links":{"self":[{"href":"https:\/\/archive.sana.sy\/es\/index.php?rest_route=\/wp\/v2\/posts\/28033"}],"collection":[{"href":"https:\/\/archive.sana.sy\/es\/index.php?rest_route=\/wp\/v2\/posts"}],"about":[{"href":"https:\/\/archive.sana.sy\/es\/index.php?rest_route=\/wp\/v2\/types\/post"}],"author":[{"embeddable":true,"href":"https:\/\/archive.sana.sy\/es\/index.php?rest_route=\/wp\/v2\/users\/1"}],"replies":[{"embeddable":true,"href":"https:\/\/archive.sana.sy\/es\/index.php?rest_route=%2Fwp%2Fv2%2Fcomments&post=28033"}],"version-history":[{"count":0,"href":"https:\/\/archive.sana.sy\/es\/index.php?rest_route=\/wp\/v2\/posts\/28033\/revisions"}],"wp:featuredmedia":[{"embeddable":true,"href":"https:\/\/archive.sana.sy\/es\/index.php?rest_route=\/wp\/v2\/media\/9511"}],"wp:attachment":[{"href":"https:\/\/archive.sana.sy\/es\/index.php?rest_route=%2Fwp%2Fv2%2Fmedia&parent=28033"}],"wp:term":[{"taxonomy":"category","embeddable":true,"href":"https:\/\/archive.sana.sy\/es\/index.php?rest_route=%2Fwp%2Fv2%2Fcategories&post=28033"},{"taxonomy":"post_tag","embeddable":true,"href":"https:\/\/archive.sana.sy\/es\/index.php?rest_route=%2Fwp%2Fv2%2Ftags&post=28033"}],"curies":[{"name":"wp","href":"https:\/\/api.w.org\/{rel}","templated":true}]}}