{"id":28035,"date":"2015-08-09T12:20:30","date_gmt":"2015-08-09T09:20:30","guid":{"rendered":"http:\/\/sana.sy\/es\/?p=28035"},"modified":"2023-01-10T15:35:14","modified_gmt":"2023-01-10T13:35:14","slug":"principales-titulares-de-los-diarios-sirios-de-este-domingo-3","status":"publish","type":"post","link":"https:\/\/archive.sana.sy\/es\/?p=28035","title":{"rendered":"Principales titulares de los diarios sirios de este domingo"},"content":{"rendered":"<div dir=\"LTR\">\n<div>Damasco, SANA<\/div>\n<\/div>\n<div dir=\"LTR\"><\/div>\n<div dir=\"LTR\">\n<span lang=\"ES-TRAD\">Los principales diarios sirios destacaron los siguientes titulares:<\/span><\/div>\n<div dir=\"ltr\"><span lang=\"ES-TRAD\">\u00a0<\/span><\/div>\n<div dir=\"LTR\"><span lang=\"ES-TRAD\">= Ej\u00e9rcito mata a cinco terroristas y destruye un mortero y una ametralladora pesada en el campo norte de Latakia.<\/span><\/div>\n<div dir=\"LTR\"><span lang=\"ES-TRAD\">\u00a0<\/span><\/div>\n<div dir=\"LTR\"><span lang=\"ES-TRAD\">= Unidad militar elimina a takfiristas armados en el poblado de Um Walad en la provincia de Deraa.<\/span><\/div>\n<div dir=\"LTR\"><span lang=\"ES-TRAD\">\u00a0<\/span><\/div>\n<div dir=\"LTR\"><span lang=\"ES-TRAD\">= Muere padre del beb\u00e9 palestino quemado por colonos israel\u00edes.<\/span><\/div>\n<div dir=\"LTR\"><span lang=\"ES-TRAD\">\u00a0<\/span><\/div>\n<div dir=\"LTR\"><span lang=\"ES-TRAD\">= Cinco civiles resultan heridos por el impacto de un proyectil de mortero disparado por terroristas en la carretera de Harasta.<\/span><\/div>\n<div dir=\"LTR\"><span lang=\"ES-TRAD\">\u00a0<\/span><\/div>\n<div dir=\"LTR\"><span lang=\"ES-TRAD\">= Un vocero de la administraci\u00f3n del presidente Obama reconoce el fracaso del programa del Pent\u00e1gono de entrenar a los que llama Washington como \u201coposici\u00f3n moderada&#8221;.<\/span><\/div>\n<div dir=\"LTR\"><span lang=\"ES-TRAD\">\u00a0<\/span><\/div>\n<div dir=\"LTR\"><span lang=\"ES-TRAD\">= Con la participaci\u00f3n de 100 compa\u00f1\u00edas sirias, inauguran la feria Syria-mode en Beirut.<\/span><\/div>\n<div dir=\"LTR\"><span lang=\"ES-TRAD\">\u00a0<\/span><\/div>\n<div dir=\"LTR\"><span lang=\"ES-TRAD\">= Churkin: la no cooperaci\u00f3n de EE.UU y Occidente con Siria hace ineficaz la lucha contra el terrorismo.<\/span><\/div>\n<div dir=\"LTR\"><span lang=\"ES-TRAD\">\u00a0<\/span><\/div>\n<div dir=\"LTR\"><span lang=\"ES-TRAD\">= Ej\u00e9rcito y Resistencia Libanesa contin\u00faan sus avances en varios ejes de la ciudad de Zabadani.<\/span><\/div>\n<div dir=\"LTR\"><span lang=\"ES-TRAD\">\u00a0<\/span><\/div>\n<div dir=\"LTR\"><span lang=\"ES-TRAD\">= Fuerza A\u00e9rea bombardea posiciones de la organizaci\u00f3n terrorista del &#8220;Ej\u00e9rcito de la Conquista&#8221; en Idleb.<\/span><\/div>\n<div dir=\"LTR\"><span lang=\"ES-TRAD\">\u00a0<\/span><\/div>\n<div dir=\"LTR\"><span lang=\"ES-TRAD\">= Aviones de combate sirios destruyen veh\u00edculos de las organizaciones terroristas en Rasem al-Aboud y Tal Estabel en la provincia de Alepo.<\/span><\/div>\n<div dir=\"LTR\"><span lang=\"ES-TRAD\">\u00a0<\/span><\/div>\n<div dir=\"LTR\"><span lang=\"ES-TRAD\">= Un casco azul ruand\u00e9s mata a cuatro compa\u00f1eros y se suicida.<\/span><\/div>\n<div dir=\"LTR\"><span lang=\"ES-TRAD\">\u00a0<\/span><\/div>\n<div dir=\"LTR\"><span lang=\"ES-TRAD\">= Ej\u00e9rcito liban\u00e9s detiene a un presunto terrorista.<\/span><\/div>\n<div dir=\"LTR\"><span lang=\"ES-TRAD\">\u00a0<\/span><\/div>\n<div dir=\"LTR\"><span lang=\"ES-TRAD\">= Ministro de Industria asegura que el plan actual del Ministerio es mantener el funcionamiento de los establecimientos operativos.<\/span><\/div>\n<div dir=\"LTR\"><span lang=\"ES-TRAD\">\u00a0<\/span><\/div>\n<div dir=\"LTR\"><span lang=\"ES-TRAD\">= 11 m\u00e1rtires y al menos 46 heridos tras ataques con misiles contra Damasco.<\/span><\/div>\n<div dir=\"LTR\"><span lang=\"ES-TRAD\">\u00a0<\/span><\/div>\n<div dir=\"LTR\"><span lang=\"ES-TRAD\">= EEUU denuncia rotundamente el secuestro de 230 civiles sirios a manos del Estado Isl\u00e1mico.<\/span><\/div>\n<div dir=\"LTR\"><span lang=\"ES-TRAD\">\u00a0<\/span><\/div>\n<div dir=\"LTR\"><span lang=\"ES-TRAD\">= Ej\u00e9rcito iraqu\u00ed elimina a un n\u00famero de terroristas del Estado Isl\u00e1mico en Ramadi, Salahuddin y varias zonas de Bagdad.<\/span><\/div>\n<div dir=\"LTR\"><span lang=\"ES-TRAD\">\u00a0<\/span><\/div>\n<div dir=\"LTR\"><span lang=\"ES-TRAD\">= Polic\u00eda de Erdogan contin\u00faa sus agresiones contra los ciudadanos turcos en Silopi, al sureste del pa\u00eds.<\/span><\/div>\n<div dir=\"LTR\"><span lang=\"ES-TRAD\">\u00a0<\/span><\/div>\n<div dir=\"LTR\"><span lang=\"ES-TRAD\">= Muere una persona y otros tres resultan heridos en un ataque armado contra un autob\u00fas iran\u00ed en Turqu\u00eda.<\/span><\/div>\n<div dir=\"LTR\"><span lang=\"ES-TRAD\">\u00a0<\/span><\/div>\n<div dir=\"LTR\"><span lang=\"ES-TRAD\">= Fuerzas israel\u00edes atacan a palestinos ceca de un asentamiento en el norte de Al-Quds.<\/span><\/div>\n<div dir=\"LTR\"><span lang=\"ES-TRAD\">\u00a0<\/span><\/div>\n<div dir=\"LTR\"><span lang=\"ES-TRAD\">= Maduro revela lazos entre derechistas y EEUU sobre Esequibo.<\/span><\/div>\n<div dir=\"LTR\"><span lang=\"ES-TRAD\">= Gobierno palestino persigue cr\u00edmenes de IsraelGobierno palestino persigue cr\u00edmenes de Israel.<\/span><\/div>\n<div dir=\"LTR\"><span lang=\"ES-TRAD\">\u00a0<\/span><\/div>\n<div dir=\"LTR\"><span lang=\"ES-TRAD\">= Espa\u00f1a desaloja a m\u00e1s de 2000 personas por un fuerte incendio forestal.<\/span><\/div>\n<div dir=\"LTR\"><span lang=\"ES-TRAD\">\u00a0<\/span><\/div>\n<div dir=\"LTR\"><span lang=\"ES-TRAD\">= Comit\u00e9 Internacional de la Cruz Roja pone de relieve la grave situaci\u00f3n humanitaria en Yemen.<\/span><\/div>\n<div dir=\"LTR\"><span lang=\"ES-TRAD\">\u00a0<\/span><\/div>\n<div dir=\"LTR\"><span lang=\"ES-TRAD\">= Alemania duplica venta de armas a pa\u00edses \u00e1rabes del Golfo \u00c1rabigo.<\/span><\/div>\n<div dir=\"LTR\"><span lang=\"ES-TRAD\">\u00a0<\/span><\/div>\n<div dir=\"LTR\"><span lang=\"ES-TRAD\">= Denuncian en Europa bombardeos turcos contra PKK.<\/span><\/div>\n<div dir=\"LTR\"><span lang=\"ES-TRAD\">\u00a0<\/span><\/div>\n<div dir=\"LTR\"><span lang=\"ES-TRAD\">= Mueren dos personas en nuevos ataques saud\u00edes en Yemen.<\/span><\/div>\n<div dir=\"LTR\"><span lang=\"ES-TRAD\">\u00a0<\/span><\/div>\n<div dir=\"LTR\"><span lang=\"ES-TRAD\">= Muren tres soldados emirat\u00edes en el sur de Yemen.<\/span><\/div>\n<div dir=\"LTR\"><span lang=\"ES-TRAD\">\u00a0<\/span><\/div>\n<div dir=\"LTR\"><span lang=\"ES-TRAD\">= Fuerzas yemen\u00edes abaten a 70 mercenarios apoyados por Riad.<\/span><\/div>\n<div dir=\"LTR\"><span lang=\"ES-TRAD\">\u00a0<\/span><\/div>\n<div dir=\"LTR\"><span lang=\"ES-TRAD\">= Grupo terrorista del EI llama a sus simpatizantes a perpetrar m\u00e1s atentados suicidas en el suelo saud\u00ed.<\/span><\/div>\n<div dir=\"LTR\"><span lang=\"ES-TRAD\">\u00a0<\/span><\/div>\n<div dir=\"LTR\"><span lang=\"ES-TRAD\">= Fuerzas iraqu\u00edes eliminan al \u2018carnicero\u2019 del EI en Al-Anbar.<\/span><\/div>\n<div dir=\"LTR\"><span lang=\"ES-TRAD\">\u00a0<\/span><\/div>\n<div dir=\"LTR\"><span lang=\"ES-TRAD\">= Choques entre polic\u00edas y kurdos en Turqu\u00eda dejan 3 muertos.<\/span><\/div>\n<div dir=\"LTR\"><span lang=\"ES-TRAD\">\u00a0<\/span><\/div>\n<div dir=\"LTR\"><span lang=\"ES-TRAD\">Gracias por su atenci\u00f3n y hasta un pr\u00f3ximo programa.<\/span><\/div>\n<div class=\"yj6qo ajU\">\n<div id=\":vq\" class=\"ajR\"><img decoding=\"async\" class=\"ajT\" src=\"https:\/\/ssl.gstatic.com\/ui\/v1\/icons\/mail\/images\/cleardot.gif\" alt=\"\" \/><\/div>\n<\/div>\n","protected":false},"excerpt":{"rendered":"<p>Damasco, SANA Los principales diarios sirios destacaron los siguientes titulares: \u00a0 = Ej\u00e9rcito mata a cinco terroristas y destruye un mortero y una ametralladora pesada en el campo norte de Latakia. \u00a0 = Unidad militar elimina a takfiristas armados en el poblado de Um Walad en la provincia de Deraa. \u00a0 = Muere padre del &hellip;<\/p>\n","protected":false},"author":1,"featured_media":3280,"comment_status":"closed","ping_status":"closed","sticky":false,"template":"","format":"standard","meta":{"footnotes":""},"categories":[447,555],"tags":[6129],"class_list":["post-28035","post","type-post","status-publish","format-standard","has-post-thumbnail","","category-local-politica","category-prensa","tag-principales-titulares-de-los-diarios-sirios-de-este-domingo"],"_links":{"self":[{"href":"https:\/\/archive.sana.sy\/es\/index.php?rest_route=\/wp\/v2\/posts\/28035"}],"collection":[{"href":"https:\/\/archive.sana.sy\/es\/index.php?rest_route=\/wp\/v2\/posts"}],"about":[{"href":"https:\/\/archive.sana.sy\/es\/index.php?rest_route=\/wp\/v2\/types\/post"}],"author":[{"embeddable":true,"href":"https:\/\/archive.sana.sy\/es\/index.php?rest_route=\/wp\/v2\/users\/1"}],"replies":[{"embeddable":true,"href":"https:\/\/archive.sana.sy\/es\/index.php?rest_route=%2Fwp%2Fv2%2Fcomments&post=28035"}],"version-history":[{"count":0,"href":"https:\/\/archive.sana.sy\/es\/index.php?rest_route=\/wp\/v2\/posts\/28035\/revisions"}],"wp:featuredmedia":[{"embeddable":true,"href":"https:\/\/archive.sana.sy\/es\/index.php?rest_route=\/wp\/v2\/media\/3280"}],"wp:attachment":[{"href":"https:\/\/archive.sana.sy\/es\/index.php?rest_route=%2Fwp%2Fv2%2Fmedia&parent=28035"}],"wp:term":[{"taxonomy":"category","embeddable":true,"href":"https:\/\/archive.sana.sy\/es\/index.php?rest_route=%2Fwp%2Fv2%2Fcategories&post=28035"},{"taxonomy":"post_tag","embeddable":true,"href":"https:\/\/archive.sana.sy\/es\/index.php?rest_route=%2Fwp%2Fv2%2Ftags&post=28035"}],"curies":[{"name":"wp","href":"https:\/\/api.w.org\/{rel}","templated":true}]}}