{"id":28044,"date":"2015-08-09T15:50:59","date_gmt":"2015-08-09T12:50:59","guid":{"rendered":"http:\/\/sana.sy\/es\/?p=28044"},"modified":"2015-08-09T15:50:59","modified_gmt":"2015-08-09T12:50:59","slug":"jefe-del-estado-mayor-de-las-fuerzas-armadas-de-iran-ensalza-logros-del-gobierno-sirio-contra-el-terrorismo","status":"publish","type":"post","link":"https:\/\/archive.sana.sy\/es\/?p=28044","title":{"rendered":"Jefe del Estado Mayor de las Fuerzas Armadas de Ir\u00e1n ensalza logros del Gobierno sirio contra el terrorismo"},"content":{"rendered":"<p><span style=\"color: #800000\">Teher\u00e1n, SANA<\/span><\/p>\n<p>El jefe del Estado Mayor de las Fuerzas Armadas de la Rep\u00fablica Isl\u00e1mica de Ir\u00e1n, general de divisi\u00f3n Hassan Firuzabadi se\u00f1al\u00f3 que el Gobierno sirio realiz\u00f3 trascendentes avances en todos los frentes contra el terrorismo, aseverando que la organizaci\u00f3n terrorista de DAESH y sus aliados ser\u00e1n aplastados en la etapa venidera.<\/p>\n<p>En declaraciones concedidas a la prensa, el general Firuzabadi dijo que el Gobierno sirio se mantiene resistente y firme, as\u00ed como goza de la capacidad para salvaguardar sus intereses nacionales y su Carta Magna, aludiendo a que la hostilidad hacia el Estado sirio ha comenzado a desaparecer paulatinamente.<br \/>\nLynn A., Riyad Sh.<\/p>\n","protected":false},"excerpt":{"rendered":"<p>Teher\u00e1n, SANA El jefe del Estado Mayor de las Fuerzas Armadas de la Rep\u00fablica Isl\u00e1mica de Ir\u00e1n, general de divisi\u00f3n Hassan Firuzabadi se\u00f1al\u00f3 que el Gobierno sirio realiz\u00f3 trascendentes avances en todos los frentes contra el terrorismo, aseverando que la organizaci\u00f3n terrorista de DAESH y sus aliados ser\u00e1n aplastados en la etapa venidera. En declaraciones &hellip;<\/p>\n","protected":false},"author":24,"featured_media":28045,"comment_status":"closed","ping_status":"closed","sticky":false,"template":"","format":"standard","meta":{"footnotes":""},"categories":[1],"tags":[6250],"class_list":["post-28044","post","type-post","status-publish","format-standard","has-post-thumbnail","","category-news-not-sorted","tag-jefe-del-estado-mayor-de-las-fuerzas-armadas-de-iran-ensalza-logros-del-gobierno-sirio-contra-el-terrorismo"],"_links":{"self":[{"href":"https:\/\/archive.sana.sy\/es\/index.php?rest_route=\/wp\/v2\/posts\/28044"}],"collection":[{"href":"https:\/\/archive.sana.sy\/es\/index.php?rest_route=\/wp\/v2\/posts"}],"about":[{"href":"https:\/\/archive.sana.sy\/es\/index.php?rest_route=\/wp\/v2\/types\/post"}],"author":[{"embeddable":true,"href":"https:\/\/archive.sana.sy\/es\/index.php?rest_route=\/wp\/v2\/users\/24"}],"replies":[{"embeddable":true,"href":"https:\/\/archive.sana.sy\/es\/index.php?rest_route=%2Fwp%2Fv2%2Fcomments&post=28044"}],"version-history":[{"count":0,"href":"https:\/\/archive.sana.sy\/es\/index.php?rest_route=\/wp\/v2\/posts\/28044\/revisions"}],"wp:featuredmedia":[{"embeddable":true,"href":"https:\/\/archive.sana.sy\/es\/index.php?rest_route=\/wp\/v2\/media\/28045"}],"wp:attachment":[{"href":"https:\/\/archive.sana.sy\/es\/index.php?rest_route=%2Fwp%2Fv2%2Fmedia&parent=28044"}],"wp:term":[{"taxonomy":"category","embeddable":true,"href":"https:\/\/archive.sana.sy\/es\/index.php?rest_route=%2Fwp%2Fv2%2Fcategories&post=28044"},{"taxonomy":"post_tag","embeddable":true,"href":"https:\/\/archive.sana.sy\/es\/index.php?rest_route=%2Fwp%2Fv2%2Ftags&post=28044"}],"curies":[{"name":"wp","href":"https:\/\/api.w.org\/{rel}","templated":true}]}}