{"id":28138,"date":"2015-08-11T18:22:14","date_gmt":"2015-08-11T15:22:14","guid":{"rendered":"http:\/\/sana.sy\/es\/?p=28138"},"modified":"2015-08-11T18:26:27","modified_gmt":"2015-08-11T15:26:27","slug":"iran-reitera-su-postura-principista-hacia-siria","status":"publish","type":"post","link":"https:\/\/archive.sana.sy\/es\/?p=28138","title":{"rendered":"Ir\u00e1n reitera su postura principista hacia Siria"},"content":{"rendered":"<p><span style=\"color: #800000\">Teher\u00e1n, SANA<\/span><\/p>\n<p>La portavoz de la Canciller\u00eda iran\u00ed, Marzia Afjam reiter\u00f3 la firme postura de su pa\u00eds hacia la crisis siria, basada en el respeto de los derechos leg\u00edtimos del pueblo sirio, inclusive su derecho a la autodeterminaci\u00f3n, el rechazo a la injerencia for\u00e1nea en sus asuntos internos y al uso del terrorismo como una herramienta para alcanzar metas pol\u00edticas.<\/p>\n<p>En declaraciones hechas este martes, Afjam recalc\u00f3 que Ir\u00e1n considera que la soluci\u00f3n de la crisis siria no es militar sino que pol\u00edtica y diplom\u00e1tica basada en el di\u00e1logo y el acuerdo.<\/p>\n<p>Asimismo inform\u00f3 que la capital libanesa Beirut ser\u00e1 la primera estaci\u00f3n de la gira que iniciar\u00e1 el canciller iran\u00ed Yavad Zarif este martes, en la cual debatir\u00e1 varios asuntos relativos a las negociaciones nucleares entre Ir\u00e1n y el grupo 5+1, el desarrollo de la situaci\u00f3n en la regi\u00f3n y los arreglos de las crisis que vive.<\/p>\n<p>Es de se\u00f1alar que el jefe de la diplomacia iran\u00ed ten\u00eda previsto visitar este martes a Ankara para debatir con su hom\u00f3logo turco los medios pac\u00edficos de arreglar la crisis en Siria y las v\u00edas de hacer frente a la organizaci\u00f3n terrorista del Estado Isl\u00e1mico, sin embargo la visita ha sido aplazada, seg\u00fan anunci\u00f3 hoy una fuente en la Canciller\u00eda iran\u00ed.<\/p>\n<p>&nbsp;<br \/>\nLynn A.<\/p>\n","protected":false},"excerpt":{"rendered":"<p>Teher\u00e1n, SANA La portavoz de la Canciller\u00eda iran\u00ed, Marzia Afjam reiter\u00f3 la firme postura de su pa\u00eds hacia la crisis siria, basada en el respeto de los derechos leg\u00edtimos del pueblo sirio, inclusive su derecho a la autodeterminaci\u00f3n, el rechazo a la injerencia for\u00e1nea en sus asuntos internos y al uso del terrorismo como una &hellip;<\/p>\n","protected":false},"author":24,"featured_media":20905,"comment_status":"closed","ping_status":"closed","sticky":false,"template":"","format":"standard","meta":{"footnotes":""},"categories":[456,457,576],"tags":[6266],"class_list":["post-28138","post","type-post","status-publish","format-standard","has-post-thumbnail","","category-arabe-internacional-politica","category-noticias-arabe-internacional-politica","category-noticias-politicas","tag-iran-reitera-su-postura-principista-hacia-siria"],"_links":{"self":[{"href":"https:\/\/archive.sana.sy\/es\/index.php?rest_route=\/wp\/v2\/posts\/28138"}],"collection":[{"href":"https:\/\/archive.sana.sy\/es\/index.php?rest_route=\/wp\/v2\/posts"}],"about":[{"href":"https:\/\/archive.sana.sy\/es\/index.php?rest_route=\/wp\/v2\/types\/post"}],"author":[{"embeddable":true,"href":"https:\/\/archive.sana.sy\/es\/index.php?rest_route=\/wp\/v2\/users\/24"}],"replies":[{"embeddable":true,"href":"https:\/\/archive.sana.sy\/es\/index.php?rest_route=%2Fwp%2Fv2%2Fcomments&post=28138"}],"version-history":[{"count":0,"href":"https:\/\/archive.sana.sy\/es\/index.php?rest_route=\/wp\/v2\/posts\/28138\/revisions"}],"wp:featuredmedia":[{"embeddable":true,"href":"https:\/\/archive.sana.sy\/es\/index.php?rest_route=\/wp\/v2\/media\/20905"}],"wp:attachment":[{"href":"https:\/\/archive.sana.sy\/es\/index.php?rest_route=%2Fwp%2Fv2%2Fmedia&parent=28138"}],"wp:term":[{"taxonomy":"category","embeddable":true,"href":"https:\/\/archive.sana.sy\/es\/index.php?rest_route=%2Fwp%2Fv2%2Fcategories&post=28138"},{"taxonomy":"post_tag","embeddable":true,"href":"https:\/\/archive.sana.sy\/es\/index.php?rest_route=%2Fwp%2Fv2%2Ftags&post=28138"}],"curies":[{"name":"wp","href":"https:\/\/api.w.org\/{rel}","templated":true}]}}