{"id":28152,"date":"2015-08-11T20:40:43","date_gmt":"2015-08-11T17:40:43","guid":{"rendered":"http:\/\/sana.sy\/es\/?p=28152"},"modified":"2015-08-11T20:40:43","modified_gmt":"2015-08-11T17:40:43","slug":"siria-condena-energicamente-las-posturas-del-ministro-de-exteriores-saudi","status":"publish","type":"post","link":"https:\/\/archive.sana.sy\/es\/?p=28152","title":{"rendered":"Siria condena en\u00e9rgicamente las posturas del Ministro de Exteriores Saud\u00ed"},"content":{"rendered":"<p style=\"text-align: justify\"><span style=\"color: #800000\">Damasco, SANA<\/span><\/p>\n<p style=\"text-align: justify\">Una fuente oficial del Ministerio de Relaciones Exteriores y Expatriados dijo que Siria condena en\u00e9rgicamente las posturas anunciadas por el Ministro de Relaciones Exteriores de Arabia Saud\u00ed que demuestran plenamente el papel destructivo del reino wahab\u00ed en la agresi\u00f3n contra Siria.<\/p>\n<p style=\"text-align: justify\">La fuente dijo en una declaraci\u00f3n a SANA que el r\u00e9gimen saud\u00ed medieval, que carece de cualquier legitimidad constitucional y cuyas manos est\u00e1n manchadas con la sangre de civiles sirios y yemen\u00eds, debe ser el \u00faltimo estado en hablar de la legitimidad y de la constituci\u00f3n.<\/p>\n<p style=\"text-align: justify\">La fuente se\u00f1al\u00f3 que es de conocimiento com\u00fan que Estado Isl\u00e1mico (Daesh), naci\u00f3 de la mentalidad del r\u00e9gimen saud\u00ed, y comparten la misma mentalidad y las pr\u00e1cticas de \u00a0decapitaci\u00f3n, desmembramiento y \u00a0flagelaci\u00f3n en el nombre del Islam.<\/p>\n<p style=\"text-align: justify\">La fuente critic\u00f3 la pol\u00edtica flagrante del r\u00e9gimen saud\u00ed en proporcionar todo tipo de apoyo a los grupos terroristas que operan en Siria, lo que constituye una grave amenaza para la seguridad regional e internacional, y es imprescindible poner fin al comportamiento destructivo del r\u00e9gimen saud\u00ed, advertido la fuente oficial.<\/p>\n<p style=\"text-align: justify\">La fuente concluy\u00f3 afirmando que el pueblo sirio y el ej\u00e9rcito est\u00e1n m\u00e1s decididos que nunca para derrotar la agresi\u00f3n de los terroristas respaldado por el r\u00e9gimen saud\u00ed y para preservar la unidad de patria y la dignidad de su pueblo, agregando que Siria siempre ser\u00e1 fiel a su historia y defensor del Pueblo de la naci\u00f3n.<\/p>\n<p>M.Miri<\/p>\n","protected":false},"excerpt":{"rendered":"<p>Damasco, SANA Una fuente oficial del Ministerio de Relaciones Exteriores y Expatriados dijo que Siria condena en\u00e9rgicamente las posturas anunciadas por el Ministro de Relaciones Exteriores de Arabia Saud\u00ed que demuestran plenamente el papel destructivo del reino wahab\u00ed en la agresi\u00f3n contra Siria. La fuente dijo en una declaraci\u00f3n a SANA que el r\u00e9gimen saud\u00ed &hellip;<\/p>\n","protected":false},"author":1,"featured_media":28153,"comment_status":"closed","ping_status":"closed","sticky":false,"template":"","format":"standard","meta":{"footnotes":""},"categories":[597,457,576],"tags":[6269],"class_list":["post-28152","post","type-post","status-publish","format-standard","has-post-thumbnail","","category-cinta-de-noticias","category-noticias-arabe-internacional-politica","category-noticias-politicas","tag-siria-condena-energicamente-las-posturas-del-ministro-de-exteriores-saudi"],"_links":{"self":[{"href":"https:\/\/archive.sana.sy\/es\/index.php?rest_route=\/wp\/v2\/posts\/28152"}],"collection":[{"href":"https:\/\/archive.sana.sy\/es\/index.php?rest_route=\/wp\/v2\/posts"}],"about":[{"href":"https:\/\/archive.sana.sy\/es\/index.php?rest_route=\/wp\/v2\/types\/post"}],"author":[{"embeddable":true,"href":"https:\/\/archive.sana.sy\/es\/index.php?rest_route=\/wp\/v2\/users\/1"}],"replies":[{"embeddable":true,"href":"https:\/\/archive.sana.sy\/es\/index.php?rest_route=%2Fwp%2Fv2%2Fcomments&post=28152"}],"version-history":[{"count":0,"href":"https:\/\/archive.sana.sy\/es\/index.php?rest_route=\/wp\/v2\/posts\/28152\/revisions"}],"wp:featuredmedia":[{"embeddable":true,"href":"https:\/\/archive.sana.sy\/es\/index.php?rest_route=\/wp\/v2\/media\/28153"}],"wp:attachment":[{"href":"https:\/\/archive.sana.sy\/es\/index.php?rest_route=%2Fwp%2Fv2%2Fmedia&parent=28152"}],"wp:term":[{"taxonomy":"category","embeddable":true,"href":"https:\/\/archive.sana.sy\/es\/index.php?rest_route=%2Fwp%2Fv2%2Fcategories&post=28152"},{"taxonomy":"post_tag","embeddable":true,"href":"https:\/\/archive.sana.sy\/es\/index.php?rest_route=%2Fwp%2Fv2%2Ftags&post=28152"}],"curies":[{"name":"wp","href":"https:\/\/api.w.org\/{rel}","templated":true}]}}