{"id":28155,"date":"2015-08-11T21:02:15","date_gmt":"2015-08-11T18:02:15","guid":{"rendered":"http:\/\/sana.sy\/es\/?p=28155"},"modified":"2023-01-09T14:09:54","modified_gmt":"2023-01-09T12:09:54","slug":"dos-martires-deja-un-ataque-terrorista-con-cohetes-contra-la-ciudad-homs","status":"publish","type":"post","link":"https:\/\/archive.sana.sy\/es\/?p=28155","title":{"rendered":"Dos m\u00e1rtires deja un ataque terrorista con cohetes contra la ciudad Homs"},"content":{"rendered":"<p><span style=\"color: #800000\">Homs, SANA<\/span><\/p>\n<p style=\"text-align: justify\">La ciudad de Homs, ha sido blanco de un ataque terrorista con dos proyectiles de cohetes, seg\u00fan inform\u00f3 una fuente de la comandancia de polic\u00eda.<\/p>\n<p style=\"text-align: justify\">De acuerdo con la fuente, este martes, dos cohetes impactaron en barrios residenciales en la ciudad de Homs, dejando dos muertos y otros dos civiles heridos.<\/p>\n<p style=\"text-align: justify\">La fuente agreg\u00f3 que los ataques causaron adem\u00e1s colosales da\u00f1os materiales en las casas, tiendas y los coches.<\/p>\n<p>M.Miri<\/p>\n","protected":false},"excerpt":{"rendered":"<p>Homs, SANA La ciudad de Homs, ha sido blanco de un ataque terrorista con dos proyectiles de cohetes, seg\u00fan inform\u00f3 una fuente de la comandancia de polic\u00eda. De acuerdo con la fuente, este martes, dos cohetes impactaron en barrios residenciales en la ciudad de Homs, dejando dos muertos y otros dos civiles heridos. La fuente &hellip;<\/p>\n","protected":false},"author":1,"featured_media":11119,"comment_status":"closed","ping_status":"closed","sticky":false,"template":"","format":"standard","meta":{"footnotes":""},"categories":[573,476],"tags":[753,6270],"class_list":["post-28155","post","type-post","status-publish","format-standard","has-post-thumbnail","","category-la-realidad-de-los-acontecimientos-en-siria","category-locales","tag-al-mekdad-el-pueblo-sirio-no-se-rendira-y-seguira-defendiendo-a-su-soberania-e-independencia","tag-dos-martires-deja-un-ataque-terrorista-con-cohetes-contra-la-ciudad-homs"],"_links":{"self":[{"href":"https:\/\/archive.sana.sy\/es\/index.php?rest_route=\/wp\/v2\/posts\/28155"}],"collection":[{"href":"https:\/\/archive.sana.sy\/es\/index.php?rest_route=\/wp\/v2\/posts"}],"about":[{"href":"https:\/\/archive.sana.sy\/es\/index.php?rest_route=\/wp\/v2\/types\/post"}],"author":[{"embeddable":true,"href":"https:\/\/archive.sana.sy\/es\/index.php?rest_route=\/wp\/v2\/users\/1"}],"replies":[{"embeddable":true,"href":"https:\/\/archive.sana.sy\/es\/index.php?rest_route=%2Fwp%2Fv2%2Fcomments&post=28155"}],"version-history":[{"count":0,"href":"https:\/\/archive.sana.sy\/es\/index.php?rest_route=\/wp\/v2\/posts\/28155\/revisions"}],"wp:featuredmedia":[{"embeddable":true,"href":"https:\/\/archive.sana.sy\/es\/index.php?rest_route=\/wp\/v2\/media\/11119"}],"wp:attachment":[{"href":"https:\/\/archive.sana.sy\/es\/index.php?rest_route=%2Fwp%2Fv2%2Fmedia&parent=28155"}],"wp:term":[{"taxonomy":"category","embeddable":true,"href":"https:\/\/archive.sana.sy\/es\/index.php?rest_route=%2Fwp%2Fv2%2Fcategories&post=28155"},{"taxonomy":"post_tag","embeddable":true,"href":"https:\/\/archive.sana.sy\/es\/index.php?rest_route=%2Fwp%2Fv2%2Ftags&post=28155"}],"curies":[{"name":"wp","href":"https:\/\/api.w.org\/{rel}","templated":true}]}}